{"id":101240,"date":"2008-06-18T07:50:55","date_gmt":"2008-06-18T06:50:55","guid":{"rendered":"https:\/\/joyana.fr\/les-dernieres-creations-edra-chez-artcurial\/"},"modified":"2008-06-18T07:50:55","modified_gmt":"2008-06-18T06:50:55","slug":"les-creations-edra-chez-artcurial-pour-designers-day-2008","status":"publish","type":"post","link":"https:\/\/www.joyana.fr\/en\/les-creations-edra-chez-artcurial-pour-designers-day-2008\/101240\/","title":{"rendered":"Les Cr\u00e9ations EDRA chez Artcurial pour les Designer&#039;s Days 2008"},"content":{"rendered":"<p>Notre reporter sweetdesign continue sa balade dans Paris chez <strong>Artcurial<\/strong>, premi\u00e8re maison de vente aux ench\u00e8res fran\u00e7aise qui pr\u00e9sente pour les <a href=\"https:\/\/joyana.fr\/index.php?s=designer%27s+day+2008&#038;sbutt=Go\"><strong>Designer\u2019s Days 2008<\/strong><\/a> les derni\u00e8res cr\u00e9ations de la marque italienne <strong>Edra<\/strong>.<\/p>\n<p><img data-recalc-dims=\"1\" fetchpriority=\"high\" decoding=\"async\" src=\"https:\/\/i0.wp.com\/joyana.fr\/wp-content\/uploads\/arcurial-2.jpg?resize=500%2C371&#038;ssl=1\" alt=\"Les Derni\u00e8res Cr\u00e9ations EDRA chez Artcurial\" align=\"top\" border=\"0\" height=\"371\" hspace=\"8\" width=\"500\" \/><\/p>\n<p> <font size=\"1\">A gauche, fauteuil Anemone de Fernando et Humberto Campana.<\/font><\/p>\n<p>Sa pr\u00e9sence est une \u00e9vidence pour le th\u00e8me de Mati\u00e8re et Couleurs choisies cette ann\u00e9e tant l\u2019\u00e9diteur a b\u00e2ti sa notori\u00e9t\u00e9 sur ces deux \u00e9l\u00e9ments en repoussant les limites de la cr\u00e9ativit\u00e9.<\/p>\n<p><img data-recalc-dims=\"1\" decoding=\"async\" src=\"https:\/\/i0.wp.com\/joyana.fr\/wp-content\/uploads\/arcurial.jpg?resize=500%2C365&#038;ssl=1\" alt=\"Les Derni\u00e8res Cr\u00e9ations EDRA chez Artcurial\" align=\"top\" border=\"0\" height=\"365\" hspace=\"8\" width=\"500\" \/><\/p>\n<p><font size=\"1\">Canap\u00e9 Gran Khan de Francesco Binfar\u00e8, table basse Brasilia de Fernado et Humberto Campana.<\/font><\/p>\n<p>Atypiques et d\u00e9cal\u00e9s, les meubles <strong>Edra<\/strong> sont \u00e0 mi-chemin entre le fonctionnel et la sculpture.  Les couleurs font partie int\u00e9grante du mobilier <strong>Edra<\/strong>, ce n\u2019est jamais qu\u2019un simple ajout, ou un habillage mais sa substance intras\u00e8que et les diff\u00e9rents mat\u00e9riaux combin\u00e9s de mani\u00e8re insolite accentuent leurs valeurs sensibles et sensuelles.<\/p>\n<p><img data-recalc-dims=\"1\" decoding=\"async\" src=\"https:\/\/i0.wp.com\/joyana.fr\/wp-content\/uploads\/arcurial-4.jpg?resize=500%2C667&#038;ssl=1\" alt=\"Les Derni\u00e8res Cr\u00e9ations EDRA chez Artcurial\" align=\"top\" border=\"0\" height=\"667\" hspace=\"8\" width=\"500\" \/><\/p>\n<p><font size=\"1\">Paire de fauteui Favella de Fernando et Humberto Campana.<\/font><\/p>\n<p><img data-recalc-dims=\"1\" loading=\"lazy\" decoding=\"async\" src=\"https:\/\/i0.wp.com\/joyana.fr\/wp-content\/uploads\/arcurial-3.jpg?resize=500%2C382&#038;ssl=1\" alt=\"Les Derni\u00e8res Cr\u00e9ations EDRA chez Artcurial\" align=\"top\" border=\"0\" height=\"382\" hspace=\"8\" width=\"500\" \/><\/p>\n<p><font size=\"1\">Fauteuil Corallo de Fernando et Humberto Campana.<\/font><\/p>\n<p>Quelques \u00e9ditions exclusives et uniques sp\u00e9cialement cr\u00e9ees pour les Designer\u2019s<br \/>\nDays 2008 par les fr\u00e8res Campana seront vendues aux ench\u00e8res au profit d\u2019une \u0153uvre<br \/>\ncaritative.<\/p>\n<p><a href=\"http:\/\/www.artcurial.com\/fr\/\"><strong>http:\/\/www.artcurial.com\/fr\/<\/strong><\/a><\/p>\n<p><a href=\"http:\/\/www.edra.com\/\"><strong>http:\/\/www.edra.com\/<\/strong><\/a><\/p>\n<p>&#8212;&#8212;&#8212;&#8212;&#8212;&#8211;<\/p>\n<p><a href=\"http:\/\/deco-design.fr-bb.com\/profile.forum?mode=viewprofile&#038;u=572\">sweetdesign<\/a><\/p>\n","protected":false},"excerpt":{"rendered":"<p>Notre reporter sweetdesign continue sa balade dans Paris chez Artcurial, premi\u00e8re maison de vente aux ench\u00e8res fran\u00e7aise qui pr\u00e9sente pour les Designer\u2019s Days 2008 les derni\u00e8res cr\u00e9ations de la marque italienne Edra. A gauche, fauteuil Anemone de Fernando et Humberto Campana. Sa pr\u00e9sence est une \u00e9vidence pour le th\u00e8me de Mati\u00e8re et Couleurs choisies cette [&hellip;]<\/p>\n","protected":false},"author":3,"featured_media":124300,"comment_status":"open","ping_status":"open","sticky":false,"template":"","format":"standard","meta":{"_coblocks_attr":"","_coblocks_dimensions":"","_coblocks_responsive_height":"","_coblocks_accordion_ie_support":"","_uag_custom_page_level_css":"","advgb_blocks_editor_width":"","advgb_blocks_columns_visual_guide":"","_genesis_hide_title":false,"_genesis_hide_breadcrumbs":false,"_genesis_hide_singular_image":false,"_genesis_hide_footer_widgets":false,"_genesis_custom_body_class":"","_genesis_custom_post_class":"","_genesis_layout":"","_themeisle_gutenberg_block_has_review":false,"_jetpack_newsletter_access":"","_jetpack_dont_email_post_to_subs":false,"_jetpack_newsletter_tier_id":0,"_jetpack_memberships_contains_paywalled_content":false,"_jetpack_memberships_contains_paid_content":false,"footnotes":""},"categories":[938,948,1005,905],"tags":[994,12],"class_list":{"0":"post-101240","1":"post","2":"type-post","3":"status-publish","4":"format-standard","5":"has-post-thumbnail","7":"category-actualite-deco-design","8":"category-assise","9":"category-designers-days","10":"category-deco-design","11":"tag-evenements","12":"tag-paris","13":"entry"},"featured_image_urls":{"full":["https:\/\/i0.wp.com\/www.joyana.fr\/wp-content\/uploads\/2016\/08\/joyana-logo-black-360x180.png?fit=360%2C180&ssl=1",360,180,false],"thumbnail":["https:\/\/i0.wp.com\/www.joyana.fr\/wp-content\/uploads\/2016\/08\/joyana-logo-black-360x180.png?resize=150%2C150&ssl=1",150,150,true],"medium":["https:\/\/i0.wp.com\/www.joyana.fr\/wp-content\/uploads\/2016\/08\/joyana-logo-black-360x180.png?fit=360%2C180&ssl=1",360,180,true],"medium_large":["https:\/\/i0.wp.com\/www.joyana.fr\/wp-content\/uploads\/2016\/08\/joyana-logo-black-360x180.png?fit=360%2C180&ssl=1",360,180,true],"large":["https:\/\/i0.wp.com\/www.joyana.fr\/wp-content\/uploads\/2016\/08\/joyana-logo-black-360x180.png?fit=360%2C180&ssl=1",360,180,true],"1536x1536":["https:\/\/i0.wp.com\/www.joyana.fr\/wp-content\/uploads\/2016\/08\/joyana-logo-black-360x180.png?fit=360%2C180&ssl=1",360,180,true],"2048x2048":["https:\/\/i0.wp.com\/www.joyana.fr\/wp-content\/uploads\/2016\/08\/joyana-logo-black-360x180.png?fit=360%2C180&ssl=1",360,180,true],"featured-thumb":["https:\/\/i0.wp.com\/www.joyana.fr\/wp-content\/uploads\/2016\/08\/joyana-logo-black-360x180.png?resize=360%2C180&ssl=1",360,180,true],"ab-block-post-grid-landscape":["https:\/\/i0.wp.com\/www.joyana.fr\/wp-content\/uploads\/2016\/08\/joyana-logo-black-360x180.png?resize=360%2C180&ssl=1",360,180,true],"ab-block-post-grid-square":["https:\/\/i0.wp.com\/www.joyana.fr\/wp-content\/uploads\/2016\/08\/joyana-logo-black-360x180.png?resize=360%2C180&ssl=1",360,180,true],"author-pro-image":["https:\/\/i0.wp.com\/www.joyana.fr\/wp-content\/uploads\/2016\/08\/joyana-logo-black-360x180.png?resize=360%2C180&ssl=1",360,180,true],"slider":["https:\/\/i0.wp.com\/www.joyana.fr\/wp-content\/uploads\/2016\/08\/joyana-logo-black-360x180.png?resize=360%2C180&ssl=1",360,180,true],"woocommerce_thumbnail":["https:\/\/i0.wp.com\/www.joyana.fr\/wp-content\/uploads\/2016\/08\/joyana-logo-black-360x180.png?resize=300%2C180&ssl=1",300,180,true],"woocommerce_single":["https:\/\/i0.wp.com\/www.joyana.fr\/wp-content\/uploads\/2016\/08\/joyana-logo-black-360x180.png?fit=360%2C180&ssl=1",360,180,true],"woocommerce_gallery_thumbnail":["https:\/\/i0.wp.com\/www.joyana.fr\/wp-content\/uploads\/2016\/08\/joyana-logo-black-360x180.png?resize=180%2C180&ssl=1",180,180,true],"sow-carousel-default":["https:\/\/i0.wp.com\/www.joyana.fr\/wp-content\/uploads\/2016\/08\/joyana-logo-black-360x180.png?resize=272%2C180&ssl=1",272,180,true]},"post_excerpt_stackable":"<p>Notre reporter sweetdesign continue sa balade dans Paris chez Artcurial, premi\u00e8re maison de vente aux ench\u00e8res fran\u00e7aise qui pr\u00e9sente pour les Designer\u2019s Days 2008 les derni\u00e8res cr\u00e9ations de la marque italienne Edra. A gauche, fauteuil Anemone de Fernando et Humberto Campana. Sa pr\u00e9sence est une \u00e9vidence pour le th\u00e8me de Mati\u00e8re et Couleurs choisies cette ann\u00e9e tant l\u2019\u00e9diteur a b\u00e2ti sa notori\u00e9t\u00e9 sur ces deux \u00e9l\u00e9ments en repoussant les limites de la cr\u00e9ativit\u00e9. Canap\u00e9 Gran Khan de Francesco Binfar\u00e8, table basse Brasilia de Fernado et Humberto Campana. Atypiques et d\u00e9cal\u00e9s, les meubles Edra sont \u00e0 mi-chemin entre le fonctionnel et&hellip;<\/p>\n","category_list":"<a href=\"https:\/\/www.joyana.fr\/en\/category\/deco-design\/actualite\/actualite-deco-design\/\" rel=\"category tag\">Actualit\u00e9 D\u00e9co-Design<\/a>, <a href=\"https:\/\/www.joyana.fr\/en\/category\/deco-design\/mobilier\/assise\/\" rel=\"category tag\">Assise<\/a>, <a href=\"https:\/\/www.joyana.fr\/en\/category\/deco-design\/actualite\/salon\/designers-days\/\" rel=\"category tag\">D'DAYS<\/a>, <a href=\"https:\/\/www.joyana.fr\/en\/category\/deco-design\/\" rel=\"category tag\">DECO-DESIGN<\/a>","author_info":{"display_name":"Jo Yana","author_link":"https:\/\/www.joyana.fr\/en\/author\/joyana\/"},"comments_num":"0 comments","featured_image_urls_v2":{"full":["https:\/\/i0.wp.com\/www.joyana.fr\/wp-content\/uploads\/2016\/08\/joyana-logo-black-360x180.png?fit=360%2C180&ssl=1",360,180,false],"thumbnail":["https:\/\/i0.wp.com\/www.joyana.fr\/wp-content\/uploads\/2016\/08\/joyana-logo-black-360x180.png?resize=150%2C150&ssl=1",150,150,true],"medium":["https:\/\/i0.wp.com\/www.joyana.fr\/wp-content\/uploads\/2016\/08\/joyana-logo-black-360x180.png?fit=360%2C180&ssl=1",360,180,true],"medium_large":["https:\/\/i0.wp.com\/www.joyana.fr\/wp-content\/uploads\/2016\/08\/joyana-logo-black-360x180.png?fit=360%2C180&ssl=1",360,180,true],"large":["https:\/\/i0.wp.com\/www.joyana.fr\/wp-content\/uploads\/2016\/08\/joyana-logo-black-360x180.png?fit=360%2C180&ssl=1",360,180,true],"1536x1536":["https:\/\/i0.wp.com\/www.joyana.fr\/wp-content\/uploads\/2016\/08\/joyana-logo-black-360x180.png?fit=360%2C180&ssl=1",360,180,true],"2048x2048":["https:\/\/i0.wp.com\/www.joyana.fr\/wp-content\/uploads\/2016\/08\/joyana-logo-black-360x180.png?fit=360%2C180&ssl=1",360,180,true],"featured-thumb":["https:\/\/i0.wp.com\/www.joyana.fr\/wp-content\/uploads\/2016\/08\/joyana-logo-black-360x180.png?resize=360%2C180&ssl=1",360,180,true],"ab-block-post-grid-landscape":["https:\/\/i0.wp.com\/www.joyana.fr\/wp-content\/uploads\/2016\/08\/joyana-logo-black-360x180.png?resize=360%2C180&ssl=1",360,180,true],"ab-block-post-grid-square":["https:\/\/i0.wp.com\/www.joyana.fr\/wp-content\/uploads\/2016\/08\/joyana-logo-black-360x180.png?resize=360%2C180&ssl=1",360,180,true],"author-pro-image":["https:\/\/i0.wp.com\/www.joyana.fr\/wp-content\/uploads\/2016\/08\/joyana-logo-black-360x180.png?resize=360%2C180&ssl=1",360,180,true],"slider":["https:\/\/i0.wp.com\/www.joyana.fr\/wp-content\/uploads\/2016\/08\/joyana-logo-black-360x180.png?resize=360%2C180&ssl=1",360,180,true],"woocommerce_thumbnail":["https:\/\/i0.wp.com\/www.joyana.fr\/wp-content\/uploads\/2016\/08\/joyana-logo-black-360x180.png?resize=300%2C180&ssl=1",300,180,true],"woocommerce_single":["https:\/\/i0.wp.com\/www.joyana.fr\/wp-content\/uploads\/2016\/08\/joyana-logo-black-360x180.png?fit=360%2C180&ssl=1",360,180,true],"woocommerce_gallery_thumbnail":["https:\/\/i0.wp.com\/www.joyana.fr\/wp-content\/uploads\/2016\/08\/joyana-logo-black-360x180.png?resize=180%2C180&ssl=1",180,180,true],"sow-carousel-default":["https:\/\/i0.wp.com\/www.joyana.fr\/wp-content\/uploads\/2016\/08\/joyana-logo-black-360x180.png?resize=272%2C180&ssl=1",272,180,true]},"post_excerpt_stackable_v2":"<p>Notre reporter sweetdesign continue sa balade dans Paris chez Artcurial, premi\u00e8re maison de vente aux ench\u00e8res fran\u00e7aise qui pr\u00e9sente pour les Designer\u2019s Days 2008 les derni\u00e8res cr\u00e9ations de la marque italienne Edra. A gauche, fauteuil Anemone de Fernando et Humberto Campana. Sa pr\u00e9sence est une \u00e9vidence pour le th\u00e8me de Mati\u00e8re et Couleurs choisies cette ann\u00e9e tant l\u2019\u00e9diteur a b\u00e2ti sa notori\u00e9t\u00e9 sur ces deux \u00e9l\u00e9ments en repoussant les limites de la cr\u00e9ativit\u00e9. Canap\u00e9 Gran Khan de Francesco Binfar\u00e8, table basse Brasilia de Fernado et Humberto Campana. Atypiques et d\u00e9cal\u00e9s, les meubles Edra sont \u00e0 mi-chemin entre le fonctionnel et&hellip;<\/p>\n","category_list_v2":"<a href=\"https:\/\/www.joyana.fr\/en\/category\/deco-design\/actualite\/actualite-deco-design\/\" rel=\"category tag\">Actualit\u00e9 D\u00e9co-Design<\/a>, <a href=\"https:\/\/www.joyana.fr\/en\/category\/deco-design\/mobilier\/assise\/\" rel=\"category tag\">Assise<\/a>, <a href=\"https:\/\/www.joyana.fr\/en\/category\/deco-design\/actualite\/salon\/designers-days\/\" rel=\"category tag\">D'DAYS<\/a>, <a href=\"https:\/\/www.joyana.fr\/en\/category\/deco-design\/\" rel=\"category tag\">DECO-DESIGN<\/a>","author_info_v2":{"name":"Jo Yana","url":"https:\/\/www.joyana.fr\/en\/author\/joyana\/"},"comments_num_v2":"0 comments","yoast_head":"<!-- This site is optimized with the Yoast SEO plugin v26.8 - https:\/\/yoast.com\/product\/yoast-seo-wordpress\/ -->\n<title>Les Cr\u00e9ations EDRA chez Artcurial pour les Designer&#039;s Days 2008 - JO YANA<\/title>\n<meta name=\"robots\" content=\"index, follow, max-snippet:-1, max-image-preview:large, max-video-preview:-1\" \/>\n<link rel=\"canonical\" href=\"https:\/\/www.joyana.fr\/en\/les-creations-edra-chez-artcurial-pour-designers-day-2008\/101240\/\" \/>\n<meta property=\"og:locale\" content=\"en_US\" \/>\n<meta property=\"og:locale:alternate\" content=\"fr_FR\" \/>\n<meta property=\"og:locale:alternate\" content=\"ja\" \/>\n<meta property=\"og:type\" content=\"article\" \/>\n<meta property=\"og:title\" content=\"Les Cr\u00e9ations EDRA chez Artcurial pour les Designer&#039;s Days 2008 - JO YANA\" \/>\n<meta property=\"og:description\" content=\"Notre reporter sweetdesign continue sa balade dans Paris chez Artcurial, premi\u00e8re maison de vente aux ench\u00e8res fran\u00e7aise qui pr\u00e9sente pour les Designer\u2019s Days 2008 les derni\u00e8res cr\u00e9ations de la marque italienne Edra. A gauche, fauteuil Anemone de Fernando et Humberto Campana. Sa pr\u00e9sence est une \u00e9vidence pour le th\u00e8me de Mati\u00e8re et Couleurs choisies cette [&hellip;]\" \/>\n<meta property=\"og:url\" content=\"https:\/\/www.joyana.fr\/en\/les-creations-edra-chez-artcurial-pour-designers-day-2008\/101240\/\" \/>\n<meta property=\"og:site_name\" content=\"JO YANA\" \/>\n<meta property=\"article:published_time\" content=\"2008-06-18T06:50:55+00:00\" \/>\n<meta property=\"og:image\" content=\"https:\/\/www.joyana.fr\/wp-content\/uploads\/2016\/08\/joyana-logo-black-360x180.png\" \/>\n\t<meta property=\"og:image:width\" content=\"360\" \/>\n\t<meta property=\"og:image:height\" content=\"180\" \/>\n\t<meta property=\"og:image:type\" content=\"image\/png\" \/>\n<meta name=\"author\" content=\"Jo Yana\" \/>\n<meta name=\"twitter:card\" content=\"summary_large_image\" \/>\n<meta name=\"twitter:creator\" content=\"@Jo_Yana\" \/>\n<meta name=\"twitter:site\" content=\"@Jo_Yana\" \/>\n<meta name=\"twitter:label1\" content=\"Written by\" \/>\n\t<meta name=\"twitter:data1\" content=\"Jo Yana\" \/>\n\t<meta name=\"twitter:label2\" content=\"Est. reading time\" \/>\n\t<meta name=\"twitter:data2\" content=\"1 minute\" \/>\n<script type=\"application\/ld+json\" class=\"yoast-schema-graph\">{\"@context\":\"https:\/\/schema.org\",\"@graph\":[{\"@type\":\"Article\",\"@id\":\"https:\/\/www.joyana.fr\/en\/les-creations-edra-chez-artcurial-pour-designers-day-2008\/101240\/#article\",\"isPartOf\":{\"@id\":\"https:\/\/www.joyana.fr\/en\/les-creations-edra-chez-artcurial-pour-designers-day-2008\/101240\/\"},\"author\":{\"name\":\"Jo Yana\",\"@id\":\"https:\/\/joyana.fr\/#\/schema\/person\/cf2a1ad12a27c12c21801075bf37407c\"},\"headline\":\"Les Cr\u00e9ations EDRA chez Artcurial pour les Designer&#039;s Days 2008\",\"datePublished\":\"2008-06-18T06:50:55+00:00\",\"mainEntityOfPage\":{\"@id\":\"https:\/\/www.joyana.fr\/en\/les-creations-edra-chez-artcurial-pour-designers-day-2008\/101240\/\"},\"wordCount\":229,\"commentCount\":0,\"publisher\":{\"@id\":\"https:\/\/joyana.fr\/#\/schema\/person\/cf2a1ad12a27c12c21801075bf37407c\"},\"image\":{\"@id\":\"https:\/\/www.joyana.fr\/en\/les-creations-edra-chez-artcurial-pour-designers-day-2008\/101240\/#primaryimage\"},\"thumbnailUrl\":\"https:\/\/i0.wp.com\/www.joyana.fr\/wp-content\/uploads\/2016\/08\/joyana-logo-black-360x180.png?fit=360%2C180&ssl=1\",\"keywords\":[\"Ev\u00e8nements\",\"Paris\"],\"articleSection\":[\"Actualit\u00e9 D\u00e9co-Design\",\"Assise\",\"D'DAYS\",\"DECO-DESIGN\"],\"inLanguage\":\"en-US\",\"potentialAction\":[{\"@type\":\"CommentAction\",\"name\":\"Comment\",\"target\":[\"https:\/\/www.joyana.fr\/en\/les-creations-edra-chez-artcurial-pour-designers-day-2008\/101240\/#respond\"]}]},{\"@type\":\"WebPage\",\"@id\":\"https:\/\/www.joyana.fr\/en\/les-creations-edra-chez-artcurial-pour-designers-day-2008\/101240\/\",\"url\":\"https:\/\/www.joyana.fr\/en\/les-creations-edra-chez-artcurial-pour-designers-day-2008\/101240\/\",\"name\":\"Les Cr\u00e9ations EDRA chez Artcurial pour les Designer&#039;s Days 2008 - JO YANA\",\"isPartOf\":{\"@id\":\"https:\/\/joyana.fr\/#website\"},\"primaryImageOfPage\":{\"@id\":\"https:\/\/www.joyana.fr\/en\/les-creations-edra-chez-artcurial-pour-designers-day-2008\/101240\/#primaryimage\"},\"image\":{\"@id\":\"https:\/\/www.joyana.fr\/en\/les-creations-edra-chez-artcurial-pour-designers-day-2008\/101240\/#primaryimage\"},\"thumbnailUrl\":\"https:\/\/i0.wp.com\/www.joyana.fr\/wp-content\/uploads\/2016\/08\/joyana-logo-black-360x180.png?fit=360%2C180&ssl=1\",\"datePublished\":\"2008-06-18T06:50:55+00:00\",\"breadcrumb\":{\"@id\":\"https:\/\/www.joyana.fr\/en\/les-creations-edra-chez-artcurial-pour-designers-day-2008\/101240\/#breadcrumb\"},\"inLanguage\":\"en-US\",\"potentialAction\":[{\"@type\":\"ReadAction\",\"target\":[\"https:\/\/www.joyana.fr\/en\/les-creations-edra-chez-artcurial-pour-designers-day-2008\/101240\/\"]}]},{\"@type\":\"ImageObject\",\"inLanguage\":\"en-US\",\"@id\":\"https:\/\/www.joyana.fr\/en\/les-creations-edra-chez-artcurial-pour-designers-day-2008\/101240\/#primaryimage\",\"url\":\"https:\/\/i0.wp.com\/www.joyana.fr\/wp-content\/uploads\/2016\/08\/joyana-logo-black-360x180.png?fit=360%2C180&ssl=1\",\"contentUrl\":\"https:\/\/i0.wp.com\/www.joyana.fr\/wp-content\/uploads\/2016\/08\/joyana-logo-black-360x180.png?fit=360%2C180&ssl=1\",\"width\":360,\"height\":180,\"caption\":\"logo joyana.fr\"},{\"@type\":\"BreadcrumbList\",\"@id\":\"https:\/\/www.joyana.fr\/en\/les-creations-edra-chez-artcurial-pour-designers-day-2008\/101240\/#breadcrumb\",\"itemListElement\":[{\"@type\":\"ListItem\",\"position\":1,\"name\":\"Accueil\",\"item\":\"https:\/\/joyana.fr\/\"},{\"@type\":\"ListItem\",\"position\":2,\"name\":\"Les Cr\u00e9ations EDRA chez Artcurial pour les Designer&#039;s Days 2008\"}]},{\"@type\":\"WebSite\",\"@id\":\"https:\/\/joyana.fr\/#website\",\"url\":\"https:\/\/joyana.fr\/\",\"name\":\"JO YANA\",\"description\":\"Blog Mode Homme, Lifestyle, D\u00e9co-Design\",\"publisher\":{\"@id\":\"https:\/\/joyana.fr\/#\/schema\/person\/cf2a1ad12a27c12c21801075bf37407c\"},\"potentialAction\":[{\"@type\":\"SearchAction\",\"target\":{\"@type\":\"EntryPoint\",\"urlTemplate\":\"https:\/\/joyana.fr\/?s={search_term_string}\"},\"query-input\":{\"@type\":\"PropertyValueSpecification\",\"valueRequired\":true,\"valueName\":\"search_term_string\"}}],\"inLanguage\":\"en-US\"},{\"@type\":[\"Person\",\"Organization\"],\"@id\":\"https:\/\/joyana.fr\/#\/schema\/person\/cf2a1ad12a27c12c21801075bf37407c\",\"name\":\"Jo Yana\",\"image\":{\"@type\":\"ImageObject\",\"inLanguage\":\"en-US\",\"@id\":\"https:\/\/joyana.fr\/#\/schema\/person\/image\/\",\"url\":\"https:\/\/i0.wp.com\/www.joyana.fr\/wp-content\/uploads\/2016\/08\/cropped-joyana-logo-black-360x180.png?fit=343%2C164&ssl=1\",\"contentUrl\":\"https:\/\/i0.wp.com\/www.joyana.fr\/wp-content\/uploads\/2016\/08\/cropped-joyana-logo-black-360x180.png?fit=343%2C164&ssl=1\",\"width\":343,\"height\":164,\"caption\":\"Jo Yana\"},\"logo\":{\"@id\":\"https:\/\/joyana.fr\/#\/schema\/person\/image\/\"},\"description\":\"Jo Yana est le cr\u00e9ateur et r\u00e9dacteur en chef des sites DECO-DESIGN. Passionn\u00e9 de Design, Mode, Photo, Luxe, Lifestyle, Musique, mais avant tout Blogueur ! Le plaisir de partager l'anime et a comme devise \\\"POUR L'AMOUR DU BEAU\\\". Retrouvez le aussi sur son blog personnel - https:\/\/joyana.fr...\",\"sameAs\":[\"https:\/\/joyana.fr\/\"],\"url\":\"https:\/\/www.joyana.fr\/en\/author\/joyana\/\"}]}<\/script>\n<!-- \/ Yoast SEO plugin. -->","yoast_head_json":{"title":"Les Cr\u00e9ations EDRA chez Artcurial pour les Designer&#039;s Days 2008 - JO YANA","robots":{"index":"index","follow":"follow","max-snippet":"max-snippet:-1","max-image-preview":"max-image-preview:large","max-video-preview":"max-video-preview:-1"},"canonical":"https:\/\/www.joyana.fr\/en\/les-creations-edra-chez-artcurial-pour-designers-day-2008\/101240\/","og_locale":"en_US","og_type":"article","og_title":"Les Cr\u00e9ations EDRA chez Artcurial pour les Designer&#039;s Days 2008 - JO YANA","og_description":"Notre reporter sweetdesign continue sa balade dans Paris chez Artcurial, premi\u00e8re maison de vente aux ench\u00e8res fran\u00e7aise qui pr\u00e9sente pour les Designer\u2019s Days 2008 les derni\u00e8res cr\u00e9ations de la marque italienne Edra. A gauche, fauteuil Anemone de Fernando et Humberto Campana. Sa pr\u00e9sence est une \u00e9vidence pour le th\u00e8me de Mati\u00e8re et Couleurs choisies cette [&hellip;]","og_url":"https:\/\/www.joyana.fr\/en\/les-creations-edra-chez-artcurial-pour-designers-day-2008\/101240\/","og_site_name":"JO YANA","article_published_time":"2008-06-18T06:50:55+00:00","og_image":[{"width":360,"height":180,"url":"https:\/\/www.joyana.fr\/wp-content\/uploads\/2016\/08\/joyana-logo-black-360x180.png","type":"image\/png"}],"author":"Jo Yana","twitter_card":"summary_large_image","twitter_creator":"@Jo_Yana","twitter_site":"@Jo_Yana","twitter_misc":{"Written by":"Jo Yana","Est. reading time":"1 minute"},"schema":{"@context":"https:\/\/schema.org","@graph":[{"@type":"Article","@id":"https:\/\/www.joyana.fr\/en\/les-creations-edra-chez-artcurial-pour-designers-day-2008\/101240\/#article","isPartOf":{"@id":"https:\/\/www.joyana.fr\/en\/les-creations-edra-chez-artcurial-pour-designers-day-2008\/101240\/"},"author":{"name":"Jo Yana","@id":"https:\/\/joyana.fr\/#\/schema\/person\/cf2a1ad12a27c12c21801075bf37407c"},"headline":"Les Cr\u00e9ations EDRA chez Artcurial pour les Designer&#039;s Days 2008","datePublished":"2008-06-18T06:50:55+00:00","mainEntityOfPage":{"@id":"https:\/\/www.joyana.fr\/en\/les-creations-edra-chez-artcurial-pour-designers-day-2008\/101240\/"},"wordCount":229,"commentCount":0,"publisher":{"@id":"https:\/\/joyana.fr\/#\/schema\/person\/cf2a1ad12a27c12c21801075bf37407c"},"image":{"@id":"https:\/\/www.joyana.fr\/en\/les-creations-edra-chez-artcurial-pour-designers-day-2008\/101240\/#primaryimage"},"thumbnailUrl":"https:\/\/i0.wp.com\/www.joyana.fr\/wp-content\/uploads\/2016\/08\/joyana-logo-black-360x180.png?fit=360%2C180&ssl=1","keywords":["Ev\u00e8nements","Paris"],"articleSection":["Actualit\u00e9 D\u00e9co-Design","Assise","D'DAYS","DECO-DESIGN"],"inLanguage":"en-US","potentialAction":[{"@type":"CommentAction","name":"Comment","target":["https:\/\/www.joyana.fr\/en\/les-creations-edra-chez-artcurial-pour-designers-day-2008\/101240\/#respond"]}]},{"@type":"WebPage","@id":"https:\/\/www.joyana.fr\/en\/les-creations-edra-chez-artcurial-pour-designers-day-2008\/101240\/","url":"https:\/\/www.joyana.fr\/en\/les-creations-edra-chez-artcurial-pour-designers-day-2008\/101240\/","name":"Les Cr\u00e9ations EDRA chez Artcurial pour les Designer&#039;s Days 2008 - JO YANA","isPartOf":{"@id":"https:\/\/joyana.fr\/#website"},"primaryImageOfPage":{"@id":"https:\/\/www.joyana.fr\/en\/les-creations-edra-chez-artcurial-pour-designers-day-2008\/101240\/#primaryimage"},"image":{"@id":"https:\/\/www.joyana.fr\/en\/les-creations-edra-chez-artcurial-pour-designers-day-2008\/101240\/#primaryimage"},"thumbnailUrl":"https:\/\/i0.wp.com\/www.joyana.fr\/wp-content\/uploads\/2016\/08\/joyana-logo-black-360x180.png?fit=360%2C180&ssl=1","datePublished":"2008-06-18T06:50:55+00:00","breadcrumb":{"@id":"https:\/\/www.joyana.fr\/en\/les-creations-edra-chez-artcurial-pour-designers-day-2008\/101240\/#breadcrumb"},"inLanguage":"en-US","potentialAction":[{"@type":"ReadAction","target":["https:\/\/www.joyana.fr\/en\/les-creations-edra-chez-artcurial-pour-designers-day-2008\/101240\/"]}]},{"@type":"ImageObject","inLanguage":"en-US","@id":"https:\/\/www.joyana.fr\/en\/les-creations-edra-chez-artcurial-pour-designers-day-2008\/101240\/#primaryimage","url":"https:\/\/i0.wp.com\/www.joyana.fr\/wp-content\/uploads\/2016\/08\/joyana-logo-black-360x180.png?fit=360%2C180&ssl=1","contentUrl":"https:\/\/i0.wp.com\/www.joyana.fr\/wp-content\/uploads\/2016\/08\/joyana-logo-black-360x180.png?fit=360%2C180&ssl=1","width":360,"height":180,"caption":"logo joyana.fr"},{"@type":"BreadcrumbList","@id":"https:\/\/www.joyana.fr\/en\/les-creations-edra-chez-artcurial-pour-designers-day-2008\/101240\/#breadcrumb","itemListElement":[{"@type":"ListItem","position":1,"name":"Accueil","item":"https:\/\/joyana.fr\/"},{"@type":"ListItem","position":2,"name":"Les Cr\u00e9ations EDRA chez Artcurial pour les Designer&#039;s Days 2008"}]},{"@type":"WebSite","@id":"https:\/\/joyana.fr\/#website","url":"https:\/\/joyana.fr\/","name":"JO YANA","description":"Blog Mode Homme, Lifestyle, D\u00e9co-Design","publisher":{"@id":"https:\/\/joyana.fr\/#\/schema\/person\/cf2a1ad12a27c12c21801075bf37407c"},"potentialAction":[{"@type":"SearchAction","target":{"@type":"EntryPoint","urlTemplate":"https:\/\/joyana.fr\/?s={search_term_string}"},"query-input":{"@type":"PropertyValueSpecification","valueRequired":true,"valueName":"search_term_string"}}],"inLanguage":"en-US"},{"@type":["Person","Organization"],"@id":"https:\/\/joyana.fr\/#\/schema\/person\/cf2a1ad12a27c12c21801075bf37407c","name":"Jo Yana","image":{"@type":"ImageObject","inLanguage":"en-US","@id":"https:\/\/joyana.fr\/#\/schema\/person\/image\/","url":"https:\/\/i0.wp.com\/www.joyana.fr\/wp-content\/uploads\/2016\/08\/cropped-joyana-logo-black-360x180.png?fit=343%2C164&ssl=1","contentUrl":"https:\/\/i0.wp.com\/www.joyana.fr\/wp-content\/uploads\/2016\/08\/cropped-joyana-logo-black-360x180.png?fit=343%2C164&ssl=1","width":343,"height":164,"caption":"Jo Yana"},"logo":{"@id":"https:\/\/joyana.fr\/#\/schema\/person\/image\/"},"description":"Jo Yana est le cr\u00e9ateur et r\u00e9dacteur en chef des sites DECO-DESIGN. Passionn\u00e9 de Design, Mode, Photo, Luxe, Lifestyle, Musique, mais avant tout Blogueur ! Le plaisir de partager l'anime et a comme devise \"POUR L'AMOUR DU BEAU\". Retrouvez le aussi sur son blog personnel - https:\/\/joyana.fr...","sameAs":["https:\/\/joyana.fr\/"],"url":"https:\/\/www.joyana.fr\/en\/author\/joyana\/"}]}},"author_meta":{"display_name":"Jo Yana","author_link":"https:\/\/www.joyana.fr\/en\/author\/joyana\/"},"featured_img":"https:\/\/i0.wp.com\/www.joyana.fr\/wp-content\/uploads\/2016\/08\/joyana-logo-black-360x180.png?fit=360%2C180&ssl=1","featured_image_src":"https:\/\/i0.wp.com\/www.joyana.fr\/wp-content\/uploads\/2016\/08\/joyana-logo-black-360x180.png?resize=360%2C180&ssl=1","featured_image_src_square":"https:\/\/i0.wp.com\/www.joyana.fr\/wp-content\/uploads\/2016\/08\/joyana-logo-black-360x180.png?resize=360%2C180&ssl=1","jetpack_featured_media_url":"https:\/\/i0.wp.com\/www.joyana.fr\/wp-content\/uploads\/2016\/08\/joyana-logo-black-360x180.png?fit=360%2C180&ssl=1","uagb_featured_image_src":{"full":["https:\/\/i0.wp.com\/www.joyana.fr\/wp-content\/uploads\/2016\/08\/joyana-logo-black-360x180.png?fit=360%2C180&ssl=1",360,180,false],"thumbnail":["https:\/\/i0.wp.com\/www.joyana.fr\/wp-content\/uploads\/2016\/08\/joyana-logo-black-360x180.png?resize=150%2C150&ssl=1",150,150,true],"medium":["https:\/\/i0.wp.com\/www.joyana.fr\/wp-content\/uploads\/2016\/08\/joyana-logo-black-360x180.png?fit=360%2C180&ssl=1",360,180,true],"medium_large":["https:\/\/i0.wp.com\/www.joyana.fr\/wp-content\/uploads\/2016\/08\/joyana-logo-black-360x180.png?fit=360%2C180&ssl=1",360,180,true],"large":["https:\/\/i0.wp.com\/www.joyana.fr\/wp-content\/uploads\/2016\/08\/joyana-logo-black-360x180.png?fit=360%2C180&ssl=1",360,180,true],"1536x1536":["https:\/\/i0.wp.com\/www.joyana.fr\/wp-content\/uploads\/2016\/08\/joyana-logo-black-360x180.png?fit=360%2C180&ssl=1",360,180,true],"2048x2048":["https:\/\/i0.wp.com\/www.joyana.fr\/wp-content\/uploads\/2016\/08\/joyana-logo-black-360x180.png?fit=360%2C180&ssl=1",360,180,true],"featured-thumb":["https:\/\/i0.wp.com\/www.joyana.fr\/wp-content\/uploads\/2016\/08\/joyana-logo-black-360x180.png?resize=360%2C180&ssl=1",360,180,true],"ab-block-post-grid-landscape":["https:\/\/i0.wp.com\/www.joyana.fr\/wp-content\/uploads\/2016\/08\/joyana-logo-black-360x180.png?resize=360%2C180&ssl=1",360,180,true],"ab-block-post-grid-square":["https:\/\/i0.wp.com\/www.joyana.fr\/wp-content\/uploads\/2016\/08\/joyana-logo-black-360x180.png?resize=360%2C180&ssl=1",360,180,true],"author-pro-image":["https:\/\/i0.wp.com\/www.joyana.fr\/wp-content\/uploads\/2016\/08\/joyana-logo-black-360x180.png?resize=360%2C180&ssl=1",360,180,true],"slider":["https:\/\/i0.wp.com\/www.joyana.fr\/wp-content\/uploads\/2016\/08\/joyana-logo-black-360x180.png?resize=360%2C180&ssl=1",360,180,true],"woocommerce_thumbnail":["https:\/\/i0.wp.com\/www.joyana.fr\/wp-content\/uploads\/2016\/08\/joyana-logo-black-360x180.png?resize=300%2C180&ssl=1",300,180,true],"woocommerce_single":["https:\/\/i0.wp.com\/www.joyana.fr\/wp-content\/uploads\/2016\/08\/joyana-logo-black-360x180.png?fit=360%2C180&ssl=1",360,180,true],"woocommerce_gallery_thumbnail":["https:\/\/i0.wp.com\/www.joyana.fr\/wp-content\/uploads\/2016\/08\/joyana-logo-black-360x180.png?resize=180%2C180&ssl=1",180,180,true],"sow-carousel-default":["https:\/\/i0.wp.com\/www.joyana.fr\/wp-content\/uploads\/2016\/08\/joyana-logo-black-360x180.png?resize=272%2C180&ssl=1",272,180,true]},"uagb_author_info":{"display_name":"Jo Yana","author_link":"https:\/\/www.joyana.fr\/en\/author\/joyana\/"},"uagb_comment_info":0,"uagb_excerpt":"Notre reporter sweetdesign continue sa balade dans Paris chez Artcurial, premi\u00e8re maison de vente aux ench\u00e8res fran\u00e7aise qui pr\u00e9sente pour les Designer\u2019s Days 2008 les derni\u00e8res cr\u00e9ations de la marque italienne Edra. A gauche, fauteuil Anemone de Fernando et Humberto Campana. Sa pr\u00e9sence est une \u00e9vidence pour le th\u00e8me de Mati\u00e8re et Couleurs choisies cette&hellip;","coauthors":[],"tax_additional":{"categories":{"linked":["<a href=\"https:\/\/www.joyana.fr\/en\/category\/deco-design\/actualite\/actualite-deco-design\/\" class=\"advgb-post-tax-term\">Actualit\u00e9 D\u00e9co-Design<\/a>","<a href=\"https:\/\/www.joyana.fr\/en\/category\/deco-design\/mobilier\/assise\/\" class=\"advgb-post-tax-term\">Assise<\/a>","<a href=\"https:\/\/www.joyana.fr\/en\/category\/deco-design\/actualite\/salon\/designers-days\/\" class=\"advgb-post-tax-term\">D&#039;DAYS<\/a>","<a href=\"https:\/\/www.joyana.fr\/en\/category\/deco-design\/\" class=\"advgb-post-tax-term\">DECO-DESIGN<\/a>"],"unlinked":["<span class=\"advgb-post-tax-term\">Actualit\u00e9 D\u00e9co-Design<\/span>","<span class=\"advgb-post-tax-term\">Assise<\/span>","<span class=\"advgb-post-tax-term\">D&#039;DAYS<\/span>","<span class=\"advgb-post-tax-term\">DECO-DESIGN<\/span>"]},"tags":{"linked":["<a href=\"https:\/\/www.joyana.fr\/en\/category\/deco-design\/\" class=\"advgb-post-tax-term\">Ev\u00e8nements<\/a>","<a href=\"https:\/\/www.joyana.fr\/en\/category\/deco-design\/\" class=\"advgb-post-tax-term\">Paris<\/a>"],"unlinked":["<span class=\"advgb-post-tax-term\">Ev\u00e8nements<\/span>","<span class=\"advgb-post-tax-term\">Paris<\/span>"]}},"comment_count":0,"relative_dates":{"created":"Posted 18 years ago","modified":"Updated 18 years ago"},"absolute_dates":{"created":"Posted on 18 June 2008","modified":"Updated on 18 June 2008"},"absolute_dates_time":{"created":"Posted on 18 June 2008 7:50","modified":"Updated on 18 June 2008 7:50"},"featured_img_caption":"","series_order":"","jetpack_sharing_enabled":true,"jetpack_shortlink":"https:\/\/wp.me\/p9bteI-qkU","jetpack-related-posts":[],"_links":{"self":[{"href":"https:\/\/www.joyana.fr\/en\/wp-json\/wp\/v2\/posts\/101240","targetHints":{"allow":["GET"]}}],"collection":[{"href":"https:\/\/www.joyana.fr\/en\/wp-json\/wp\/v2\/posts"}],"about":[{"href":"https:\/\/www.joyana.fr\/en\/wp-json\/wp\/v2\/types\/post"}],"author":[{"embeddable":true,"href":"https:\/\/www.joyana.fr\/en\/wp-json\/wp\/v2\/users\/3"}],"replies":[{"embeddable":true,"href":"https:\/\/www.joyana.fr\/en\/wp-json\/wp\/v2\/comments?post=101240"}],"version-history":[{"count":0,"href":"https:\/\/www.joyana.fr\/en\/wp-json\/wp\/v2\/posts\/101240\/revisions"}],"wp:featuredmedia":[{"embeddable":true,"href":"https:\/\/www.joyana.fr\/en\/wp-json\/wp\/v2\/media\/124300"}],"wp:attachment":[{"href":"https:\/\/www.joyana.fr\/en\/wp-json\/wp\/v2\/media?parent=101240"}],"wp:term":[{"taxonomy":"category","embeddable":true,"href":"https:\/\/www.joyana.fr\/en\/wp-json\/wp\/v2\/categories?post=101240"},{"taxonomy":"post_tag","embeddable":true,"href":"https:\/\/www.joyana.fr\/en\/wp-json\/wp\/v2\/tags?post=101240"}],"curies":[{"name":"wp","href":"https:\/\/api.w.org\/{rel}","templated":true}]}}