{"id":101029,"date":"2008-05-08T05:30:00","date_gmt":"2008-05-08T04:30:00","guid":{"rendered":"https:\/\/joyana.fr\/pecha-kucha-night-marseille-vol4\/"},"modified":"2008-05-08T05:30:00","modified_gmt":"2008-05-08T04:30:00","slug":"pecha-kucha-night-marseille-vol4","status":"publish","type":"post","link":"https:\/\/www.joyana.fr\/en\/pecha-kucha-night-marseille-vol4\/101029\/","title":{"rendered":"Pecha Kucha Night Marseille Vol.4"},"content":{"rendered":"<p>La <strong>Pecha Kucha Night Vol.4<\/strong> aura lieu lors de &#8220;La nuit de la Com&#8221; le Vendredi 13 Juin 2008 aux Grandes Tables Friche de la Belle de Mai \u00e0 <strong>Marseille<\/strong>.<\/p>\n<p>Infos et r\u00e8glement dans la suite&#8230;<\/p>\n<p><img data-recalc-dims=\"1\" fetchpriority=\"high\" decoding=\"async\" src=\"https:\/\/i0.wp.com\/joyana.fr\/wp-content\/uploads\/pecha-kucha-vol-4.jpg?resize=500%2C311&#038;ssl=1\" alt=\"Pecha Kucha Night Marseille Vol.4\" align=\"top\" border=\"0\" height=\"311\" hspace=\"8\" width=\"500\" \/><\/p>\n<p><strong>Pecha Kucha Night Marseille Vol.4 &#8211; Vendredi 13 Juin 2008<\/strong><\/p>\n<p>Organis\u00e9 par Sarah Carri\u00e8re-Chardon, commissaire ind\u00e9pendante agr\u00e9ement\u00e9e par l\u2019organisation internationale PKN Tokyo<strong>.<\/strong><\/p>\n<p><strong>&#8212;&#8212;&#8212;&#8212;&#8212;&#8212;-<\/strong><\/p>\n<p>Avis aux candidats : artistes, designers, architectes, graphistes, vj, dj, stylistes, DA, cr\u00e9atifs, cr\u00e9ateurs de tous bords et en tous genres c\u2019est le moment de montrer ce que vous voulez partager avec le reste du monde!<\/p>\n<p>Pour passer la s\u00e9lection, envoyer des que possible un paragraphe de pr\u00e9sentation avec 5 basses defs pour passer la selection et venir vous confronter au 20&#215;20!<\/p>\n<p>Pour vous rafraichir la m\u00e9moire <a href=\"https:\/\/joyana.fr\"><strong>D\u00e9co-Design<\/strong><\/a> avait particip\u00e9 \u00e0 la <a href=\"https:\/\/joyana.fr\/pecha-kucha-night-marseille-vol3\/\"><strong>Pecha Kucha Night Vol.3<\/strong><\/a>, c\u2019est notre admin qui avait pr\u00e9sent\u00e9 nos sites \u00e0 l\u2019assembl\u00e9e.<\/p>\n<p>C\u2019est vraiment une chance de vous faire conna\u00eetre, donc lancez vous&#8230;<\/p>\n<p>Merci de remplir cette fiche d\u2019inscription<br \/>\n&#8212;&#8212;&#8212;&#8212;&#8212;&#8212;&#8212;&#8212;&#8212;&#8212;&#8212;&#8212;-<br \/>\nSoci\u00e9\u0301t\u00e9\u0301\/ Nom Pr\u00e9\u0301nom<br \/>\nADRESSE<br \/>\nTEL<br \/>\nEMAIL<br \/>\nURL<br \/>\nProfile\/parcours en 5-6 lignes<br \/>\nMerci de nous donner un r\u00e9sum\u00e9 de votre pre\u0301sentation avec un texte et 5 images en basses<br \/>\nde\u0301finitions.<br \/>\nEnvoyez le tout \u00e0 <a href=\"mailto:info@pechakuchanight.fr\">info@pechakuchanight.fr<\/a> d\u00e8s que possible pour passer la s\u00e9l\u00e9ction.<br \/>\nUne fois votre s\u00e9lection \u00e9tablie, le d\u00e9tail des formats de pr\u00e9sentation vous sera transmis.<\/p>\n<p><a href=\"jo_yana@hotmail.com\">Jo Yana<\/a><\/p>\n","protected":false},"excerpt":{"rendered":"<p>La Pecha Kucha Night Vol.4 aura lieu lors de &#8220;La nuit de la Com&#8221; le Vendredi 13 Juin 2008 aux Grandes Tables Friche de la Belle de Mai \u00e0 Marseille. Infos et r\u00e8glement dans la suite&#8230; Pecha Kucha Night Marseille Vol.4 &#8211; Vendredi 13 Juin 2008 Organis\u00e9 par Sarah Carri\u00e8re-Chardon, commissaire ind\u00e9pendante agr\u00e9ement\u00e9e par l\u2019organisation [&hellip;]<\/p>\n","protected":false},"author":3,"featured_media":124300,"comment_status":"open","ping_status":"open","sticky":false,"template":"","format":"standard","meta":{"_coblocks_attr":"","_coblocks_dimensions":"","_coblocks_responsive_height":"","_coblocks_accordion_ie_support":"","_uag_custom_page_level_css":"","advgb_blocks_editor_width":"","advgb_blocks_columns_visual_guide":"","_genesis_hide_title":false,"_genesis_hide_breadcrumbs":false,"_genesis_hide_singular_image":false,"_genesis_hide_footer_widgets":false,"_genesis_custom_body_class":"","_genesis_custom_post_class":"","_genesis_layout":"","_themeisle_gutenberg_block_has_review":false,"_jetpack_newsletter_access":"","_jetpack_dont_email_post_to_subs":false,"_jetpack_newsletter_tier_id":0,"_jetpack_memberships_contains_paywalled_content":false,"_jetpack_memberships_contains_paid_content":false,"footnotes":""},"categories":[938,905],"tags":[994,31],"class_list":{"0":"post-101029","1":"post","2":"type-post","3":"status-publish","4":"format-standard","5":"has-post-thumbnail","7":"category-actualite-deco-design","8":"category-deco-design","9":"tag-evenements","10":"tag-marseille","11":"entry"},"featured_image_urls":{"full":["https:\/\/i0.wp.com\/www.joyana.fr\/wp-content\/uploads\/2016\/08\/joyana-logo-black-360x180.png?fit=360%2C180&ssl=1",360,180,false],"thumbnail":["https:\/\/i0.wp.com\/www.joyana.fr\/wp-content\/uploads\/2016\/08\/joyana-logo-black-360x180.png?resize=150%2C150&ssl=1",150,150,true],"medium":["https:\/\/i0.wp.com\/www.joyana.fr\/wp-content\/uploads\/2016\/08\/joyana-logo-black-360x180.png?fit=360%2C180&ssl=1",360,180,true],"medium_large":["https:\/\/i0.wp.com\/www.joyana.fr\/wp-content\/uploads\/2016\/08\/joyana-logo-black-360x180.png?fit=360%2C180&ssl=1",360,180,true],"large":["https:\/\/i0.wp.com\/www.joyana.fr\/wp-content\/uploads\/2016\/08\/joyana-logo-black-360x180.png?fit=360%2C180&ssl=1",360,180,true],"1536x1536":["https:\/\/i0.wp.com\/www.joyana.fr\/wp-content\/uploads\/2016\/08\/joyana-logo-black-360x180.png?fit=360%2C180&ssl=1",360,180,true],"2048x2048":["https:\/\/i0.wp.com\/www.joyana.fr\/wp-content\/uploads\/2016\/08\/joyana-logo-black-360x180.png?fit=360%2C180&ssl=1",360,180,true],"featured-thumb":["https:\/\/i0.wp.com\/www.joyana.fr\/wp-content\/uploads\/2016\/08\/joyana-logo-black-360x180.png?resize=360%2C180&ssl=1",360,180,true],"ab-block-post-grid-landscape":["https:\/\/i0.wp.com\/www.joyana.fr\/wp-content\/uploads\/2016\/08\/joyana-logo-black-360x180.png?resize=360%2C180&ssl=1",360,180,true],"ab-block-post-grid-square":["https:\/\/i0.wp.com\/www.joyana.fr\/wp-content\/uploads\/2016\/08\/joyana-logo-black-360x180.png?resize=360%2C180&ssl=1",360,180,true],"author-pro-image":["https:\/\/i0.wp.com\/www.joyana.fr\/wp-content\/uploads\/2016\/08\/joyana-logo-black-360x180.png?resize=360%2C180&ssl=1",360,180,true],"slider":["https:\/\/i0.wp.com\/www.joyana.fr\/wp-content\/uploads\/2016\/08\/joyana-logo-black-360x180.png?resize=360%2C180&ssl=1",360,180,true],"woocommerce_thumbnail":["https:\/\/i0.wp.com\/www.joyana.fr\/wp-content\/uploads\/2016\/08\/joyana-logo-black-360x180.png?resize=300%2C180&ssl=1",300,180,true],"woocommerce_single":["https:\/\/i0.wp.com\/www.joyana.fr\/wp-content\/uploads\/2016\/08\/joyana-logo-black-360x180.png?fit=360%2C180&ssl=1",360,180,true],"woocommerce_gallery_thumbnail":["https:\/\/i0.wp.com\/www.joyana.fr\/wp-content\/uploads\/2016\/08\/joyana-logo-black-360x180.png?resize=180%2C180&ssl=1",180,180,true],"sow-carousel-default":["https:\/\/i0.wp.com\/www.joyana.fr\/wp-content\/uploads\/2016\/08\/joyana-logo-black-360x180.png?resize=272%2C180&ssl=1",272,180,true]},"post_excerpt_stackable":"<p>La Pecha Kucha Night Vol.4 aura lieu lors de &#8220;La nuit de la Com&#8221; le Vendredi 13 Juin 2008 aux Grandes Tables Friche de la Belle de Mai \u00e0 Marseille. Infos et r\u00e8glement dans la suite&#8230; Pecha Kucha Night Marseille Vol.4 &#8211; Vendredi 13 Juin 2008 Organis\u00e9 par Sarah Carri\u00e8re-Chardon, commissaire ind\u00e9pendante agr\u00e9ement\u00e9e par l\u2019organisation internationale PKN Tokyo. &#8212;&#8212;&#8212;&#8212;&#8212;&#8212;- Avis aux candidats : artistes, designers, architectes, graphistes, vj, dj, stylistes, DA, cr\u00e9atifs, cr\u00e9ateurs de tous bords et en tous genres c\u2019est le moment de montrer ce que vous voulez partager avec le reste du monde! Pour passer la s\u00e9lection, envoyer&hellip;<\/p>\n","category_list":"<a href=\"https:\/\/www.joyana.fr\/en\/category\/deco-design\/actualite\/actualite-deco-design\/\" rel=\"category tag\">Actualit\u00e9 D\u00e9co-Design<\/a>, <a href=\"https:\/\/www.joyana.fr\/en\/category\/deco-design\/\" rel=\"category tag\">DECO-DESIGN<\/a>","author_info":{"display_name":"Jo Yana","author_link":"https:\/\/www.joyana.fr\/en\/author\/joyana\/"},"comments_num":"1 comment","featured_image_urls_v2":{"full":["https:\/\/i0.wp.com\/www.joyana.fr\/wp-content\/uploads\/2016\/08\/joyana-logo-black-360x180.png?fit=360%2C180&ssl=1",360,180,false],"thumbnail":["https:\/\/i0.wp.com\/www.joyana.fr\/wp-content\/uploads\/2016\/08\/joyana-logo-black-360x180.png?resize=150%2C150&ssl=1",150,150,true],"medium":["https:\/\/i0.wp.com\/www.joyana.fr\/wp-content\/uploads\/2016\/08\/joyana-logo-black-360x180.png?fit=360%2C180&ssl=1",360,180,true],"medium_large":["https:\/\/i0.wp.com\/www.joyana.fr\/wp-content\/uploads\/2016\/08\/joyana-logo-black-360x180.png?fit=360%2C180&ssl=1",360,180,true],"large":["https:\/\/i0.wp.com\/www.joyana.fr\/wp-content\/uploads\/2016\/08\/joyana-logo-black-360x180.png?fit=360%2C180&ssl=1",360,180,true],"1536x1536":["https:\/\/i0.wp.com\/www.joyana.fr\/wp-content\/uploads\/2016\/08\/joyana-logo-black-360x180.png?fit=360%2C180&ssl=1",360,180,true],"2048x2048":["https:\/\/i0.wp.com\/www.joyana.fr\/wp-content\/uploads\/2016\/08\/joyana-logo-black-360x180.png?fit=360%2C180&ssl=1",360,180,true],"featured-thumb":["https:\/\/i0.wp.com\/www.joyana.fr\/wp-content\/uploads\/2016\/08\/joyana-logo-black-360x180.png?resize=360%2C180&ssl=1",360,180,true],"ab-block-post-grid-landscape":["https:\/\/i0.wp.com\/www.joyana.fr\/wp-content\/uploads\/2016\/08\/joyana-logo-black-360x180.png?resize=360%2C180&ssl=1",360,180,true],"ab-block-post-grid-square":["https:\/\/i0.wp.com\/www.joyana.fr\/wp-content\/uploads\/2016\/08\/joyana-logo-black-360x180.png?resize=360%2C180&ssl=1",360,180,true],"author-pro-image":["https:\/\/i0.wp.com\/www.joyana.fr\/wp-content\/uploads\/2016\/08\/joyana-logo-black-360x180.png?resize=360%2C180&ssl=1",360,180,true],"slider":["https:\/\/i0.wp.com\/www.joyana.fr\/wp-content\/uploads\/2016\/08\/joyana-logo-black-360x180.png?resize=360%2C180&ssl=1",360,180,true],"woocommerce_thumbnail":["https:\/\/i0.wp.com\/www.joyana.fr\/wp-content\/uploads\/2016\/08\/joyana-logo-black-360x180.png?resize=300%2C180&ssl=1",300,180,true],"woocommerce_single":["https:\/\/i0.wp.com\/www.joyana.fr\/wp-content\/uploads\/2016\/08\/joyana-logo-black-360x180.png?fit=360%2C180&ssl=1",360,180,true],"woocommerce_gallery_thumbnail":["https:\/\/i0.wp.com\/www.joyana.fr\/wp-content\/uploads\/2016\/08\/joyana-logo-black-360x180.png?resize=180%2C180&ssl=1",180,180,true],"sow-carousel-default":["https:\/\/i0.wp.com\/www.joyana.fr\/wp-content\/uploads\/2016\/08\/joyana-logo-black-360x180.png?resize=272%2C180&ssl=1",272,180,true]},"post_excerpt_stackable_v2":"<p>La Pecha Kucha Night Vol.4 aura lieu lors de &#8220;La nuit de la Com&#8221; le Vendredi 13 Juin 2008 aux Grandes Tables Friche de la Belle de Mai \u00e0 Marseille. Infos et r\u00e8glement dans la suite&#8230; Pecha Kucha Night Marseille Vol.4 &#8211; Vendredi 13 Juin 2008 Organis\u00e9 par Sarah Carri\u00e8re-Chardon, commissaire ind\u00e9pendante agr\u00e9ement\u00e9e par l\u2019organisation internationale PKN Tokyo. &#8212;&#8212;&#8212;&#8212;&#8212;&#8212;- Avis aux candidats : artistes, designers, architectes, graphistes, vj, dj, stylistes, DA, cr\u00e9atifs, cr\u00e9ateurs de tous bords et en tous genres c\u2019est le moment de montrer ce que vous voulez partager avec le reste du monde! Pour passer la s\u00e9lection, envoyer&hellip;<\/p>\n","category_list_v2":"<a href=\"https:\/\/www.joyana.fr\/en\/category\/deco-design\/actualite\/actualite-deco-design\/\" rel=\"category tag\">Actualit\u00e9 D\u00e9co-Design<\/a>, <a href=\"https:\/\/www.joyana.fr\/en\/category\/deco-design\/\" rel=\"category tag\">DECO-DESIGN<\/a>","author_info_v2":{"name":"Jo Yana","url":"https:\/\/www.joyana.fr\/en\/author\/joyana\/"},"comments_num_v2":"1 comment","yoast_head":"<!-- This site is optimized with the Yoast SEO plugin v26.8 - https:\/\/yoast.com\/product\/yoast-seo-wordpress\/ -->\n<title>Pecha Kucha Night Marseille Vol.4 - JO YANA<\/title>\n<meta name=\"robots\" content=\"index, follow, max-snippet:-1, max-image-preview:large, max-video-preview:-1\" \/>\n<link rel=\"canonical\" href=\"https:\/\/joyana.fr\/en\/pecha-kucha-night-marseille-vol4\/101029\/\" \/>\n<meta property=\"og:locale\" content=\"en_US\" \/>\n<meta property=\"og:locale:alternate\" content=\"fr_FR\" \/>\n<meta property=\"og:locale:alternate\" content=\"ja\" \/>\n<meta property=\"og:type\" content=\"article\" \/>\n<meta property=\"og:title\" content=\"Pecha Kucha Night Marseille Vol.4 - JO YANA\" \/>\n<meta property=\"og:description\" content=\"La Pecha Kucha Night Vol.4 aura lieu lors de &#8220;La nuit de la Com&#8221; le Vendredi 13 Juin 2008 aux Grandes Tables Friche de la Belle de Mai \u00e0 Marseille. Infos et r\u00e8glement dans la suite&#8230; Pecha Kucha Night Marseille Vol.4 &#8211; Vendredi 13 Juin 2008 Organis\u00e9 par Sarah Carri\u00e8re-Chardon, commissaire ind\u00e9pendante agr\u00e9ement\u00e9e par l\u2019organisation [&hellip;]\" \/>\n<meta property=\"og:url\" content=\"https:\/\/www.joyana.fr\/en\/pecha-kucha-night-marseille-vol4\/101029\/\" \/>\n<meta property=\"og:site_name\" content=\"JO YANA\" \/>\n<meta property=\"article:published_time\" content=\"2008-05-08T04:30:00+00:00\" \/>\n<meta property=\"og:image\" content=\"https:\/\/joyana.fr\/wp-content\/uploads\/2016\/08\/joyana-logo-black-360x180.png\" \/>\n\t<meta property=\"og:image:width\" content=\"360\" \/>\n\t<meta property=\"og:image:height\" content=\"180\" \/>\n\t<meta property=\"og:image:type\" content=\"image\/png\" \/>\n<meta name=\"author\" content=\"Jo Yana\" \/>\n<meta name=\"twitter:card\" content=\"summary_large_image\" \/>\n<meta name=\"twitter:creator\" content=\"@Jo_Yana\" \/>\n<meta name=\"twitter:site\" content=\"@Jo_Yana\" \/>\n<meta name=\"twitter:label1\" content=\"Written by\" \/>\n\t<meta name=\"twitter:data1\" content=\"Jo Yana\" \/>\n\t<meta name=\"twitter:label2\" content=\"Est. reading time\" \/>\n\t<meta name=\"twitter:data2\" content=\"1 minute\" \/>\n<script type=\"application\/ld+json\" class=\"yoast-schema-graph\">{\"@context\":\"https:\/\/schema.org\",\"@graph\":[{\"@type\":\"Article\",\"@id\":\"https:\/\/joyana.fr\/en\/pecha-kucha-night-marseille-vol4\/101029\/#article\",\"isPartOf\":{\"@id\":\"https:\/\/joyana.fr\/en\/pecha-kucha-night-marseille-vol4\/101029\/\"},\"author\":{\"name\":\"Jo Yana\",\"@id\":\"https:\/\/joyana.fr\/#\/schema\/person\/cf2a1ad12a27c12c21801075bf37407c\"},\"headline\":\"Pecha Kucha Night Marseille Vol.4\",\"datePublished\":\"2008-05-08T04:30:00+00:00\",\"mainEntityOfPage\":{\"@id\":\"https:\/\/joyana.fr\/en\/pecha-kucha-night-marseille-vol4\/101029\/\"},\"wordCount\":248,\"commentCount\":1,\"publisher\":{\"@id\":\"https:\/\/joyana.fr\/#\/schema\/person\/cf2a1ad12a27c12c21801075bf37407c\"},\"image\":{\"@id\":\"https:\/\/joyana.fr\/en\/pecha-kucha-night-marseille-vol4\/101029\/#primaryimage\"},\"thumbnailUrl\":\"https:\/\/i0.wp.com\/www.joyana.fr\/wp-content\/uploads\/2016\/08\/joyana-logo-black-360x180.png?fit=360%2C180&ssl=1\",\"keywords\":[\"Ev\u00e8nements\",\"Marseille\"],\"articleSection\":[\"Actualit\u00e9 D\u00e9co-Design\",\"DECO-DESIGN\"],\"inLanguage\":\"en-US\",\"potentialAction\":[{\"@type\":\"CommentAction\",\"name\":\"Comment\",\"target\":[\"https:\/\/joyana.fr\/en\/pecha-kucha-night-marseille-vol4\/101029\/#respond\"]}]},{\"@type\":\"WebPage\",\"@id\":\"https:\/\/joyana.fr\/en\/pecha-kucha-night-marseille-vol4\/101029\/\",\"url\":\"https:\/\/joyana.fr\/en\/pecha-kucha-night-marseille-vol4\/101029\/\",\"name\":\"Pecha Kucha Night Marseille Vol.4 - JO YANA\",\"isPartOf\":{\"@id\":\"https:\/\/joyana.fr\/#website\"},\"primaryImageOfPage\":{\"@id\":\"https:\/\/joyana.fr\/en\/pecha-kucha-night-marseille-vol4\/101029\/#primaryimage\"},\"image\":{\"@id\":\"https:\/\/joyana.fr\/en\/pecha-kucha-night-marseille-vol4\/101029\/#primaryimage\"},\"thumbnailUrl\":\"https:\/\/i0.wp.com\/www.joyana.fr\/wp-content\/uploads\/2016\/08\/joyana-logo-black-360x180.png?fit=360%2C180&ssl=1\",\"datePublished\":\"2008-05-08T04:30:00+00:00\",\"breadcrumb\":{\"@id\":\"https:\/\/joyana.fr\/en\/pecha-kucha-night-marseille-vol4\/101029\/#breadcrumb\"},\"inLanguage\":\"en-US\",\"potentialAction\":[{\"@type\":\"ReadAction\",\"target\":[\"https:\/\/joyana.fr\/en\/pecha-kucha-night-marseille-vol4\/101029\/\"]}]},{\"@type\":\"ImageObject\",\"inLanguage\":\"en-US\",\"@id\":\"https:\/\/joyana.fr\/en\/pecha-kucha-night-marseille-vol4\/101029\/#primaryimage\",\"url\":\"https:\/\/i0.wp.com\/www.joyana.fr\/wp-content\/uploads\/2016\/08\/joyana-logo-black-360x180.png?fit=360%2C180&ssl=1\",\"contentUrl\":\"https:\/\/i0.wp.com\/www.joyana.fr\/wp-content\/uploads\/2016\/08\/joyana-logo-black-360x180.png?fit=360%2C180&ssl=1\",\"width\":360,\"height\":180,\"caption\":\"logo joyana.fr\"},{\"@type\":\"BreadcrumbList\",\"@id\":\"https:\/\/joyana.fr\/en\/pecha-kucha-night-marseille-vol4\/101029\/#breadcrumb\",\"itemListElement\":[{\"@type\":\"ListItem\",\"position\":1,\"name\":\"Accueil\",\"item\":\"https:\/\/joyana.fr\/\"},{\"@type\":\"ListItem\",\"position\":2,\"name\":\"Pecha Kucha Night Marseille Vol.4\"}]},{\"@type\":\"WebSite\",\"@id\":\"https:\/\/joyana.fr\/#website\",\"url\":\"https:\/\/joyana.fr\/\",\"name\":\"JO YANA\",\"description\":\"Blog Mode Homme, Lifestyle, D\u00e9co-Design\",\"publisher\":{\"@id\":\"https:\/\/joyana.fr\/#\/schema\/person\/cf2a1ad12a27c12c21801075bf37407c\"},\"potentialAction\":[{\"@type\":\"SearchAction\",\"target\":{\"@type\":\"EntryPoint\",\"urlTemplate\":\"https:\/\/joyana.fr\/?s={search_term_string}\"},\"query-input\":{\"@type\":\"PropertyValueSpecification\",\"valueRequired\":true,\"valueName\":\"search_term_string\"}}],\"inLanguage\":\"en-US\"},{\"@type\":[\"Person\",\"Organization\"],\"@id\":\"https:\/\/joyana.fr\/#\/schema\/person\/cf2a1ad12a27c12c21801075bf37407c\",\"name\":\"Jo Yana\",\"image\":{\"@type\":\"ImageObject\",\"inLanguage\":\"en-US\",\"@id\":\"https:\/\/joyana.fr\/#\/schema\/person\/image\/\",\"url\":\"https:\/\/i0.wp.com\/www.joyana.fr\/wp-content\/uploads\/2016\/08\/cropped-joyana-logo-black-360x180.png?fit=343%2C164&ssl=1\",\"contentUrl\":\"https:\/\/i0.wp.com\/www.joyana.fr\/wp-content\/uploads\/2016\/08\/cropped-joyana-logo-black-360x180.png?fit=343%2C164&ssl=1\",\"width\":343,\"height\":164,\"caption\":\"Jo Yana\"},\"logo\":{\"@id\":\"https:\/\/joyana.fr\/#\/schema\/person\/image\/\"},\"description\":\"Jo Yana est le cr\u00e9ateur et r\u00e9dacteur en chef des sites DECO-DESIGN. Passionn\u00e9 de Design, Mode, Photo, Luxe, Lifestyle, Musique, mais avant tout Blogueur ! Le plaisir de partager l'anime et a comme devise \\\"POUR L'AMOUR DU BEAU\\\". Retrouvez le aussi sur son blog personnel - https:\/\/joyana.fr...\",\"sameAs\":[\"https:\/\/joyana.fr\/\"],\"url\":\"https:\/\/www.joyana.fr\/en\/author\/joyana\/\"}]}<\/script>\n<!-- \/ Yoast SEO plugin. -->","yoast_head_json":{"title":"Pecha Kucha Night Marseille Vol.4 - JO YANA","robots":{"index":"index","follow":"follow","max-snippet":"max-snippet:-1","max-image-preview":"max-image-preview:large","max-video-preview":"max-video-preview:-1"},"canonical":"https:\/\/joyana.fr\/en\/pecha-kucha-night-marseille-vol4\/101029\/","og_locale":"en_US","og_type":"article","og_title":"Pecha Kucha Night Marseille Vol.4 - JO YANA","og_description":"La Pecha Kucha Night Vol.4 aura lieu lors de &#8220;La nuit de la Com&#8221; le Vendredi 13 Juin 2008 aux Grandes Tables Friche de la Belle de Mai \u00e0 Marseille. Infos et r\u00e8glement dans la suite&#8230; Pecha Kucha Night Marseille Vol.4 &#8211; Vendredi 13 Juin 2008 Organis\u00e9 par Sarah Carri\u00e8re-Chardon, commissaire ind\u00e9pendante agr\u00e9ement\u00e9e par l\u2019organisation [&hellip;]","og_url":"https:\/\/www.joyana.fr\/en\/pecha-kucha-night-marseille-vol4\/101029\/","og_site_name":"JO YANA","article_published_time":"2008-05-08T04:30:00+00:00","og_image":[{"width":360,"height":180,"url":"https:\/\/joyana.fr\/wp-content\/uploads\/2016\/08\/joyana-logo-black-360x180.png","type":"image\/png"}],"author":"Jo Yana","twitter_card":"summary_large_image","twitter_creator":"@Jo_Yana","twitter_site":"@Jo_Yana","twitter_misc":{"Written by":"Jo Yana","Est. reading time":"1 minute"},"schema":{"@context":"https:\/\/schema.org","@graph":[{"@type":"Article","@id":"https:\/\/joyana.fr\/en\/pecha-kucha-night-marseille-vol4\/101029\/#article","isPartOf":{"@id":"https:\/\/joyana.fr\/en\/pecha-kucha-night-marseille-vol4\/101029\/"},"author":{"name":"Jo Yana","@id":"https:\/\/joyana.fr\/#\/schema\/person\/cf2a1ad12a27c12c21801075bf37407c"},"headline":"Pecha Kucha Night Marseille Vol.4","datePublished":"2008-05-08T04:30:00+00:00","mainEntityOfPage":{"@id":"https:\/\/joyana.fr\/en\/pecha-kucha-night-marseille-vol4\/101029\/"},"wordCount":248,"commentCount":1,"publisher":{"@id":"https:\/\/joyana.fr\/#\/schema\/person\/cf2a1ad12a27c12c21801075bf37407c"},"image":{"@id":"https:\/\/joyana.fr\/en\/pecha-kucha-night-marseille-vol4\/101029\/#primaryimage"},"thumbnailUrl":"https:\/\/i0.wp.com\/www.joyana.fr\/wp-content\/uploads\/2016\/08\/joyana-logo-black-360x180.png?fit=360%2C180&ssl=1","keywords":["Ev\u00e8nements","Marseille"],"articleSection":["Actualit\u00e9 D\u00e9co-Design","DECO-DESIGN"],"inLanguage":"en-US","potentialAction":[{"@type":"CommentAction","name":"Comment","target":["https:\/\/joyana.fr\/en\/pecha-kucha-night-marseille-vol4\/101029\/#respond"]}]},{"@type":"WebPage","@id":"https:\/\/joyana.fr\/en\/pecha-kucha-night-marseille-vol4\/101029\/","url":"https:\/\/joyana.fr\/en\/pecha-kucha-night-marseille-vol4\/101029\/","name":"Pecha Kucha Night Marseille Vol.4 - JO YANA","isPartOf":{"@id":"https:\/\/joyana.fr\/#website"},"primaryImageOfPage":{"@id":"https:\/\/joyana.fr\/en\/pecha-kucha-night-marseille-vol4\/101029\/#primaryimage"},"image":{"@id":"https:\/\/joyana.fr\/en\/pecha-kucha-night-marseille-vol4\/101029\/#primaryimage"},"thumbnailUrl":"https:\/\/i0.wp.com\/www.joyana.fr\/wp-content\/uploads\/2016\/08\/joyana-logo-black-360x180.png?fit=360%2C180&ssl=1","datePublished":"2008-05-08T04:30:00+00:00","breadcrumb":{"@id":"https:\/\/joyana.fr\/en\/pecha-kucha-night-marseille-vol4\/101029\/#breadcrumb"},"inLanguage":"en-US","potentialAction":[{"@type":"ReadAction","target":["https:\/\/joyana.fr\/en\/pecha-kucha-night-marseille-vol4\/101029\/"]}]},{"@type":"ImageObject","inLanguage":"en-US","@id":"https:\/\/joyana.fr\/en\/pecha-kucha-night-marseille-vol4\/101029\/#primaryimage","url":"https:\/\/i0.wp.com\/www.joyana.fr\/wp-content\/uploads\/2016\/08\/joyana-logo-black-360x180.png?fit=360%2C180&ssl=1","contentUrl":"https:\/\/i0.wp.com\/www.joyana.fr\/wp-content\/uploads\/2016\/08\/joyana-logo-black-360x180.png?fit=360%2C180&ssl=1","width":360,"height":180,"caption":"logo joyana.fr"},{"@type":"BreadcrumbList","@id":"https:\/\/joyana.fr\/en\/pecha-kucha-night-marseille-vol4\/101029\/#breadcrumb","itemListElement":[{"@type":"ListItem","position":1,"name":"Accueil","item":"https:\/\/joyana.fr\/"},{"@type":"ListItem","position":2,"name":"Pecha Kucha Night Marseille Vol.4"}]},{"@type":"WebSite","@id":"https:\/\/joyana.fr\/#website","url":"https:\/\/joyana.fr\/","name":"JO YANA","description":"Blog Mode Homme, Lifestyle, D\u00e9co-Design","publisher":{"@id":"https:\/\/joyana.fr\/#\/schema\/person\/cf2a1ad12a27c12c21801075bf37407c"},"potentialAction":[{"@type":"SearchAction","target":{"@type":"EntryPoint","urlTemplate":"https:\/\/joyana.fr\/?s={search_term_string}"},"query-input":{"@type":"PropertyValueSpecification","valueRequired":true,"valueName":"search_term_string"}}],"inLanguage":"en-US"},{"@type":["Person","Organization"],"@id":"https:\/\/joyana.fr\/#\/schema\/person\/cf2a1ad12a27c12c21801075bf37407c","name":"Jo Yana","image":{"@type":"ImageObject","inLanguage":"en-US","@id":"https:\/\/joyana.fr\/#\/schema\/person\/image\/","url":"https:\/\/i0.wp.com\/www.joyana.fr\/wp-content\/uploads\/2016\/08\/cropped-joyana-logo-black-360x180.png?fit=343%2C164&ssl=1","contentUrl":"https:\/\/i0.wp.com\/www.joyana.fr\/wp-content\/uploads\/2016\/08\/cropped-joyana-logo-black-360x180.png?fit=343%2C164&ssl=1","width":343,"height":164,"caption":"Jo Yana"},"logo":{"@id":"https:\/\/joyana.fr\/#\/schema\/person\/image\/"},"description":"Jo Yana est le cr\u00e9ateur et r\u00e9dacteur en chef des sites DECO-DESIGN. Passionn\u00e9 de Design, Mode, Photo, Luxe, Lifestyle, Musique, mais avant tout Blogueur ! Le plaisir de partager l'anime et a comme devise \"POUR L'AMOUR DU BEAU\". Retrouvez le aussi sur son blog personnel - https:\/\/joyana.fr...","sameAs":["https:\/\/joyana.fr\/"],"url":"https:\/\/www.joyana.fr\/en\/author\/joyana\/"}]}},"author_meta":{"display_name":"Jo Yana","author_link":"https:\/\/www.joyana.fr\/en\/author\/joyana\/"},"featured_img":"https:\/\/i0.wp.com\/www.joyana.fr\/wp-content\/uploads\/2016\/08\/joyana-logo-black-360x180.png?fit=360%2C180&ssl=1","featured_image_src":"https:\/\/i0.wp.com\/www.joyana.fr\/wp-content\/uploads\/2016\/08\/joyana-logo-black-360x180.png?resize=360%2C180&ssl=1","featured_image_src_square":"https:\/\/i0.wp.com\/www.joyana.fr\/wp-content\/uploads\/2016\/08\/joyana-logo-black-360x180.png?resize=360%2C180&ssl=1","jetpack_featured_media_url":"https:\/\/i0.wp.com\/www.joyana.fr\/wp-content\/uploads\/2016\/08\/joyana-logo-black-360x180.png?fit=360%2C180&ssl=1","uagb_featured_image_src":{"full":["https:\/\/i0.wp.com\/www.joyana.fr\/wp-content\/uploads\/2016\/08\/joyana-logo-black-360x180.png?fit=360%2C180&ssl=1",360,180,false],"thumbnail":["https:\/\/i0.wp.com\/www.joyana.fr\/wp-content\/uploads\/2016\/08\/joyana-logo-black-360x180.png?resize=150%2C150&ssl=1",150,150,true],"medium":["https:\/\/i0.wp.com\/www.joyana.fr\/wp-content\/uploads\/2016\/08\/joyana-logo-black-360x180.png?fit=360%2C180&ssl=1",360,180,true],"medium_large":["https:\/\/i0.wp.com\/www.joyana.fr\/wp-content\/uploads\/2016\/08\/joyana-logo-black-360x180.png?fit=360%2C180&ssl=1",360,180,true],"large":["https:\/\/i0.wp.com\/www.joyana.fr\/wp-content\/uploads\/2016\/08\/joyana-logo-black-360x180.png?fit=360%2C180&ssl=1",360,180,true],"1536x1536":["https:\/\/i0.wp.com\/www.joyana.fr\/wp-content\/uploads\/2016\/08\/joyana-logo-black-360x180.png?fit=360%2C180&ssl=1",360,180,true],"2048x2048":["https:\/\/i0.wp.com\/www.joyana.fr\/wp-content\/uploads\/2016\/08\/joyana-logo-black-360x180.png?fit=360%2C180&ssl=1",360,180,true],"featured-thumb":["https:\/\/i0.wp.com\/www.joyana.fr\/wp-content\/uploads\/2016\/08\/joyana-logo-black-360x180.png?resize=360%2C180&ssl=1",360,180,true],"ab-block-post-grid-landscape":["https:\/\/i0.wp.com\/www.joyana.fr\/wp-content\/uploads\/2016\/08\/joyana-logo-black-360x180.png?resize=360%2C180&ssl=1",360,180,true],"ab-block-post-grid-square":["https:\/\/i0.wp.com\/www.joyana.fr\/wp-content\/uploads\/2016\/08\/joyana-logo-black-360x180.png?resize=360%2C180&ssl=1",360,180,true],"author-pro-image":["https:\/\/i0.wp.com\/www.joyana.fr\/wp-content\/uploads\/2016\/08\/joyana-logo-black-360x180.png?resize=360%2C180&ssl=1",360,180,true],"slider":["https:\/\/i0.wp.com\/www.joyana.fr\/wp-content\/uploads\/2016\/08\/joyana-logo-black-360x180.png?resize=360%2C180&ssl=1",360,180,true],"woocommerce_thumbnail":["https:\/\/i0.wp.com\/www.joyana.fr\/wp-content\/uploads\/2016\/08\/joyana-logo-black-360x180.png?resize=300%2C180&ssl=1",300,180,true],"woocommerce_single":["https:\/\/i0.wp.com\/www.joyana.fr\/wp-content\/uploads\/2016\/08\/joyana-logo-black-360x180.png?fit=360%2C180&ssl=1",360,180,true],"woocommerce_gallery_thumbnail":["https:\/\/i0.wp.com\/www.joyana.fr\/wp-content\/uploads\/2016\/08\/joyana-logo-black-360x180.png?resize=180%2C180&ssl=1",180,180,true],"sow-carousel-default":["https:\/\/i0.wp.com\/www.joyana.fr\/wp-content\/uploads\/2016\/08\/joyana-logo-black-360x180.png?resize=272%2C180&ssl=1",272,180,true]},"uagb_author_info":{"display_name":"Jo Yana","author_link":"https:\/\/www.joyana.fr\/en\/author\/joyana\/"},"uagb_comment_info":1,"uagb_excerpt":"La Pecha Kucha Night Vol.4 aura lieu lors de &#8220;La nuit de la Com&#8221; le Vendredi 13 Juin 2008 aux Grandes Tables Friche de la Belle de Mai \u00e0 Marseille. Infos et r\u00e8glement dans la suite&#8230; Pecha Kucha Night Marseille Vol.4 &#8211; Vendredi 13 Juin 2008 Organis\u00e9 par Sarah Carri\u00e8re-Chardon, commissaire ind\u00e9pendante agr\u00e9ement\u00e9e par l\u2019organisation&hellip;","coauthors":[],"tax_additional":{"categories":{"linked":["<a href=\"https:\/\/www.joyana.fr\/en\/category\/deco-design\/actualite\/actualite-deco-design\/\" class=\"advgb-post-tax-term\">Actualit\u00e9 D\u00e9co-Design<\/a>","<a href=\"https:\/\/www.joyana.fr\/en\/category\/deco-design\/\" class=\"advgb-post-tax-term\">DECO-DESIGN<\/a>"],"unlinked":["<span class=\"advgb-post-tax-term\">Actualit\u00e9 D\u00e9co-Design<\/span>","<span class=\"advgb-post-tax-term\">DECO-DESIGN<\/span>"]},"tags":{"linked":["<a href=\"https:\/\/www.joyana.fr\/en\/category\/deco-design\/\" class=\"advgb-post-tax-term\">Ev\u00e8nements<\/a>","<a href=\"https:\/\/www.joyana.fr\/en\/category\/deco-design\/\" class=\"advgb-post-tax-term\">Marseille<\/a>"],"unlinked":["<span class=\"advgb-post-tax-term\">Ev\u00e8nements<\/span>","<span class=\"advgb-post-tax-term\">Marseille<\/span>"]}},"comment_count":1,"relative_dates":{"created":"Posted 18 years ago","modified":"Updated 18 years ago"},"absolute_dates":{"created":"Posted on 8 May 2008","modified":"Updated on 8 May 2008"},"absolute_dates_time":{"created":"Posted on 8 May 2008 5:30","modified":"Updated on 8 May 2008 5:30"},"featured_img_caption":"","series_order":"","jetpack_sharing_enabled":true,"jetpack_shortlink":"https:\/\/wp.me\/p9bteI-qhv","jetpack-related-posts":[],"_links":{"self":[{"href":"https:\/\/www.joyana.fr\/en\/wp-json\/wp\/v2\/posts\/101029","targetHints":{"allow":["GET"]}}],"collection":[{"href":"https:\/\/www.joyana.fr\/en\/wp-json\/wp\/v2\/posts"}],"about":[{"href":"https:\/\/www.joyana.fr\/en\/wp-json\/wp\/v2\/types\/post"}],"author":[{"embeddable":true,"href":"https:\/\/www.joyana.fr\/en\/wp-json\/wp\/v2\/users\/3"}],"replies":[{"embeddable":true,"href":"https:\/\/www.joyana.fr\/en\/wp-json\/wp\/v2\/comments?post=101029"}],"version-history":[{"count":0,"href":"https:\/\/www.joyana.fr\/en\/wp-json\/wp\/v2\/posts\/101029\/revisions"}],"wp:featuredmedia":[{"embeddable":true,"href":"https:\/\/www.joyana.fr\/en\/wp-json\/wp\/v2\/media\/124300"}],"wp:attachment":[{"href":"https:\/\/www.joyana.fr\/en\/wp-json\/wp\/v2\/media?parent=101029"}],"wp:term":[{"taxonomy":"category","embeddable":true,"href":"https:\/\/www.joyana.fr\/en\/wp-json\/wp\/v2\/categories?post=101029"},{"taxonomy":"post_tag","embeddable":true,"href":"https:\/\/www.joyana.fr\/en\/wp-json\/wp\/v2\/tags?post=101029"}],"curies":[{"name":"wp","href":"https:\/\/api.w.org\/{rel}","templated":true}]}}