{"id":100802,"date":"2008-04-01T07:40:37","date_gmt":"2008-04-01T06:40:37","guid":{"rendered":"https:\/\/joyana.fr\/portrait-et-interview-du-peintre-pierre-fava\/"},"modified":"2008-04-01T07:40:37","modified_gmt":"2008-04-01T06:40:37","slug":"portrait-et-interview-du-peintre-pierre-fava","status":"publish","type":"post","link":"https:\/\/www.joyana.fr\/en\/portrait-et-interview-du-peintre-pierre-fava\/100802\/","title":{"rendered":"Portrait et Interview du Peintre Pierre FAVA"},"content":{"rendered":"<p><strong>Pierre Fava<\/strong> est un <strong>artiste peintre contemporain <\/strong>de talent, c\u2019est lors de son vernissage \u00e0 la galerie Anna-tschopp \u00e0 Marseille, que notre admin Jo Yana l\u2019a rencontr\u00e9&#8230;<\/p>\n<p><img data-recalc-dims=\"1\" fetchpriority=\"high\" decoding=\"async\" src=\"https:\/\/i0.wp.com\/joyana.fr\/wp-content\/uploads\/pierre-fava-22.jpg?resize=500%2C334&#038;ssl=1\" alt=\"Portrait et Interview du Peintre Pierre FAVA\" align=\"top\" border=\"0\" height=\"334\" hspace=\"8\" width=\"500\" \/><\/p>\n<p><strong><font size=\"5\">Portrait :<\/font><\/strong><\/p>\n<p><strong>Pierre Fava<\/strong> est n\u00e9 \u00e0 Toulon en 1979, apr\u00e8s une enfance difficile et des \u00e9tudes inexistantes, il fuit un milieu familial et social insuffisament structurant. C\u2019est au hasard de rencontres qu\u2019il se construit sa personnalit\u00e9 et d\u00e9veloppe ses facult\u00e9s intellectuelles.<\/p>\n<p>Dans ses d\u00e9buts dans la <strong>peinture<\/strong>, il constate tr\u00e8s vite qu\u2019il \u00e9prouve des difficult\u00e9s \u00e0 dessiner et se sent beaucoup plus \u00e0 son aise quand il s\u2019agit de traiter directement avec la mati\u00e8re.<\/p>\n<p><strong>Pierre Fava<\/strong> d\u00e9veloppe son talent grace \u00e0 son autodidaxie et commence \u00e0 travailler sur de grands formats car il pr\u00e9f\u00e8re peindre en faisant de grands gestes plut\u00f4t que de travailler uniquement avec son poignet.<\/p>\n<p>A ses d\u00e9buts <strong>Pierre Fava<\/strong> utilise essentiellement le noir pour ses premiers monochromes, par fascination pour cette couleur et probablement aussi pour la symbolique qu\u2019elle induit, proche de son \u00e9tat d\u2019esprit d\u2019alors. C\u2019est ainsi qu\u2019on lui d\u00e9couvre une filiation avec Pierre Soulages ou les expressionnistes abstraits am\u00e9ricains.<\/p>\n<p>Sa <strong>peinture<\/strong> peut \u00eatre autant violente que douce. Ses monochromes sont pour lui, une fa\u00e7on d\u2019exprimer la puret\u00e9 de la mati\u00e8re, de donner une l\u00e9g\u00e8ret\u00e9 et une finesse \u00e0 la masse.<\/p>\n<p>Ses espaces vierges laissent appara\u00eetre la m\u00e9moire du geste patiemment \u00e9labor\u00e9e. <strong>Pierre Fava<\/strong> peaufine son univers jusqu\u2019a le rendre syst\u00e9matique et le paradoxe tient du fait que sa ma\u00eetrise est la mati\u00e8re.<\/p>\n<p><img data-recalc-dims=\"1\" decoding=\"async\" src=\"https:\/\/i0.wp.com\/joyana.fr\/wp-content\/uploads\/pierre-fava-12.jpg?resize=500%2C334&#038;ssl=1\" alt=\"Portrait et Interview du Peintre Pierre FAVA\" align=\"top\" border=\"0\" height=\"334\" hspace=\"8\" width=\"500\" \/><\/p>\n<p><strong><font size=\"5\">Interview :<\/font> <\/strong><\/p>\n<p><strong><font size=\"4\">D-D : Pierre Fava voulez-vous nous \u00e9voquer votre style?<\/font><\/strong><\/p>\n<p><font size=\"4\">Pierre Fava : <em>Vu ma jeunesse on ne peut pas encore parler de style a proprement dit. J\u2019ai une maniere, je suis fortement influenc\u00e9 par les expressionnistes am\u00e9ricains. Mais ma mani\u00e8re se d\u00e9tache de plus en plus de cette influence. C\u2019est peut-\u00eatre \u00e7a le style.<\/em><\/font><\/p>\n<p><strong>D-D : Quelle est votre technique picturale?<\/strong><\/p>\n<p>PF : <em>Je travaille essentiellement \u00e0 l\u2019acrylique mais avec des mediums et des trucs de mon invention pour obtenir des rendus de mati\u00e8re. En fait comme pour les ateliers de la Renaissance ma technique est un secret.<\/em><\/p>\n<p><strong><font size=\"5\">D-D : Le geste dans vos travaux semble tr\u00e8s important, est-ce vrai?<\/font><\/strong><\/p>\n<p><font size=\"5\">PF :<em> Il est tout.<\/em><\/font><\/p>\n<p><strong><font size=\"4\">D-D : Dans un premier temps, vous n\u2019avez travaill\u00e9 que le noir, pourquoi cette fascination pour cette couleur?<\/font><\/strong><\/p>\n<p><font size=\"4\">PF : <\/font><em><font size=\"4\">Pas que dans un premier temps. Le noir m\u2019a toujours fascin\u00e9. Peut-\u00eatre tout d\u2019abord en r\u00e9f\u00e9rence \u00e0 mon enfance difficile mais surtout \u00e0 cause de la puissance intrins\u00e8que de cette couleur. Quand on a touch\u00e9 le noir&#8230; Demandez \u00e0 Soulages<\/font>.<\/em><\/p>\n<p><strong>D-D : Lorsque vous commencez une toile, avez-vous une id\u00e9e pr\u00e9cise de l\u2019aboutissement souhait\u00e9?<\/strong><\/p>\n<p>PF :<strong> <\/strong><em>J\u2019ai une bonne id\u00e9e de ce que je veux obtenir mais je n\u2019ai en aucun cas &#8220;la toile dans la t\u00eate&#8221;. Si je l\u2019avais je ne la peindrais plus. La magie de la peinture est pour moi dans l\u2019improvisation n\u00e9cessaire pour r\u00e9soudre un alea technique, une difficult\u00e9. Une sorte de hasard ma\u00eetrise. Du moins dans ses cons\u00e9quences.<\/em><\/p>\n<p><strong><font size=\"4\">D-D : Vos toiles sont de grandes dimensions. Pourquoi cette pr\u00e9f\u00e9rence pour le grand format?<\/font><\/strong><\/p>\n<p>PF :<strong> <\/strong><em>C\u2019est li\u00e9 a votre question precedente. La gestuelle s\u2019exprime mieux sur une grande surface. Sur une grande surface le geste part de l\u2019\u00e9paule, englobe un mouvement entier du corps. Peindre en petit c\u2019est peindre avec le poignet. C\u2019est tout \u00e0 fait different. Mais \u00e0 la demande de mon galeriste, je commence a travailler des formats plus petits, des 50. C\u2019est a dire 1,20 m par 0,90 m \u00e0 peu pr\u00e8s. J\u2019ai \u00e9t\u00e9 oblig\u00e9 de revoir un peu ma technique mais a mon grand \u00e9tonnement \u00e7a fonctionne tres bien. Et le public suit.<\/em><\/p>\n<p><strong>D-D : Qu\u2019aimeriez vous que les gens ressentent en regardant vos oeuvres?<\/strong><\/p>\n<p>PF :<em> Je n\u2019en sais rien. Je me livre enti\u00e8rement dans mes toiles. Mais je ne sais pas ce que les gens y voient.<\/em><\/p>\n<p><strong>D-D : Vous avez commenc\u00e9 la peinture sur un coup de t\u00eate. Est-il facile pour un artiste autodidacte de s\u2019immiscer dans ce monde de l\u2019art?<\/strong><\/p>\n<p>PF :<em> Le monde de l\u2019art est un monde comme un autre. Peut-\u00eatre un peu plus petit, mais ni pire ni meilleur. C\u2019est votre personnalit\u00e9, vos qualit\u00e9s et d\u00e9fauts qui font la perception que les autres ont de vous.<\/em><\/p>\n<p><strong>D-D : Comment a commenc\u00e9 votre carri\u00e8re?<\/strong><\/p>\n<p>PF : <em>Comme pour tout le monde. En courant de galerie en galerie pour \u00eatre expos\u00e9.<\/em><\/p>\n<p><strong><font size=\"4\">D-D : Quels sont les artistes qui vous inspirent?<\/font><\/strong><\/p>\n<p><font size=\"4\">PF : <em>Barnett Newman, David Linch pour ses peintures tr\u00e8s personnelles.<\/em><\/font><\/p>\n<p><strong>D-D : On peut vous trouver une certaine filiation avec le peintre Pierre Soulages, qu\u2019en pensez-vous?<\/strong><\/p>\n<p>PF :<em> J\u2019utilise le noir. Mais c\u2019est pas parce que votre voiture est rouge que c\u2019est une Ferrari.<\/em><\/p>\n<p><strong>D-D : A votre avis, les artistes ont-ils un r\u00f4le sp\u00e9cifique dans la soci\u00e9t\u00e9 d\u2019aujourd\u2019hui?<\/strong><\/p>\n<p>PF :<em> Ce n\u2019est pas mon propos. Laissons tout cela aux critiques, sociologues et autres. J\u2019\u00e9prouve toujours une certaine m\u00e9fiance devant qui se proclame \u00e9claireur ou phare de l\u2019humanit\u00e9.<\/em><\/p>\n<p><strong>D-D : Pierre o\u00f9 pouvons-nous vous d\u00e9couvrir prochainement?<\/strong><\/p>\n<p>PF :<em> Je produis peu et je vends pas mal. A ce jour mon galeriste marseillais suffit a \u00e9couler la quasi totalit\u00e9 de ma production. Faire plus serait prendre un <\/em><\/p>\n<p><em>risque quant a la qualit\u00e9 moyenne de mon travail. Je pourrais rentrer dans un routine et ne plus faire que r\u00e9pondre a la demande du marche. Ca ne m\u2019int\u00e9resse pas. Et puis comme mes prix montent&#8230;<\/em><\/p>\n<p><strong>&#8212;&#8212;&#8212;&#8212;&#8212;&#8212;&#8212;&#8212;-<\/strong><\/p>\n<p><strong>D-D : Parlons un peu D\u00e9co et Design&#8230; <\/strong><\/p>\n<p><strong><font size=\"4\">Quel style de d\u00e9co avez vous adoptez pour votre chez vous ?<\/font><\/strong><\/p>\n<p><font size=\"4\">PF :<strong> <\/strong><\/font><em><font size=\"4\">J\u2019habite dans un loft en deux parties, premiere partie mon salon en b\u00e9ton cir\u00e9 et la seconde en parquet cuisine et chambre.<\/font> <\/em><\/p>\n<p><em>Pour la d\u00e9co canap\u00e9 togo de ligne roset en cuir ( 1ere \u00e9dition), table basse scandinave Arne Jacobsen, fauteuil RAR charles et ray Eames en vibre rose, un fauteuil LN boul et une chaise tulipe Eero saarineen. Table \u00e0 manger en b\u00e9ton brut avec des chaises Harry bertoia. Luminaires Artemide et flos. Vase et plat Alvar Aalto. <\/em><em>Ma chambre paravent Ln boul blanc laqu\u00e9 , des galets living stone et le reste c\u2019est mon jardin secret.<\/em><\/p>\n<p><strong>D-D : Dans la maison en g\u00e9n\u00e9ral, quelle est votre pi\u00e8ce pr\u00e9f\u00e9r\u00e9 ?<\/strong><\/p>\n<p>PF : <em>Mon atelier qui est une verri\u00e8re, c\u2019est mon endroit, le coeur de mon \u00e2me l\u00e0 o\u00f9 je me ressource&#8230; L\u2019endroit o\u00f9 je mat\u00e9rialise tout ce qui passe dans mon cerveau.<\/em><\/p>\n<p><strong>D-D : Si vous aviez un meuble design pr\u00e9f\u00e9r\u00e9 a nous citer ?<\/strong><\/p>\n<p>PF : <em>La dormeuse <strong>Barcelona de Mies Van der Roh<\/strong><\/em>.<\/p>\n<p><strong>D-D : Merci beaucoup Pierre pour cet interview.<\/strong><\/p>\n<p>Interview r\u00e9alis\u00e9e par <a href=\"http:\/\/deco-design.fr-bb.com\" target=\"_blank\"><strong>l\u2019\u00e9quipe D\u00e9co-Design<\/strong><\/a><\/p>\n<p><strong>&#8212;&#8212;&#8212;&#8212;&#8212;&#8212;&#8212;&#8212;-<\/strong><\/p>\n<p>Le site officiel de <strong>Pierre Fava <\/strong><\/p>\n<p><a href=\"http:\/\/www.ptchomedesign.com\/\"><strong>http:\/\/www.ptchomedesign.com\/<\/strong><\/a><\/p>\n<p><strong>Galerie Anna-Tschopp 197 rue Paradis 13006 Marseille<\/strong><\/p>\n<p><a href=\"http:\/\/www.anna-tschopp.com\/\"><strong>www.anna-tschopp.com\/<\/strong><\/a><\/p>\n<p><img data-recalc-dims=\"1\" decoding=\"async\" src=\"https:\/\/i0.wp.com\/joyana.fr\/wp-content\/uploads\/pierre-fava-expo-22.jpg?resize=500%2C375&#038;ssl=1\" alt=\"PIERRE FAVA EXPO 2\" align=\"top\" border=\"0\" height=\"375\" hspace=\"8\" width=\"500\" \/><\/p>\n<p><img data-recalc-dims=\"1\" loading=\"lazy\" decoding=\"async\" src=\"https:\/\/i0.wp.com\/joyana.fr\/wp-content\/uploads\/pierre-fava-expo2.jpg?resize=500%2C375&#038;ssl=1\" alt=\"Portrait et Interview du Peintre Pierre FAVA\" align=\"top\" border=\"0\" height=\"375\" hspace=\"8\" width=\"500\" \/><\/p>\n<p><a href=\"http:\/\/jo_yana@hotmail.com\" target=\"_blank\">Jo Yana<\/a><\/p>\n","protected":false},"excerpt":{"rendered":"<p>Pierre Fava est un artiste peintre contemporain de talent, c\u2019est lors de son vernissage \u00e0 la galerie Anna-tschopp \u00e0 Marseille, que notre admin Jo Yana l\u2019a rencontr\u00e9&#8230; Portrait : Pierre Fava est n\u00e9 \u00e0 Toulon en 1979, apr\u00e8s une enfance difficile et des \u00e9tudes inexistantes, il fuit un milieu familial et social insuffisament structurant. C\u2019est [&hellip;]<\/p>\n","protected":false},"author":3,"featured_media":124300,"comment_status":"open","ping_status":"open","sticky":false,"template":"","format":"standard","meta":{"_coblocks_attr":"","_coblocks_dimensions":"","_coblocks_responsive_height":"","_coblocks_accordion_ie_support":"","_uag_custom_page_level_css":"","advgb_blocks_editor_width":"","advgb_blocks_columns_visual_guide":"","_genesis_hide_title":false,"_genesis_hide_breadcrumbs":false,"_genesis_hide_singular_image":false,"_genesis_hide_footer_widgets":false,"_genesis_custom_body_class":"","_genesis_custom_post_class":"","_genesis_layout":"","_themeisle_gutenberg_block_has_review":false,"_jetpack_newsletter_access":"","_jetpack_dont_email_post_to_subs":false,"_jetpack_newsletter_tier_id":0,"_jetpack_memberships_contains_paywalled_content":false,"_jetpack_memberships_contains_paid_content":false,"footnotes":""},"categories":[1002,905],"tags":[943,31,910,739],"class_list":{"0":"post-100802","1":"post","2":"type-post","3":"status-publish","4":"format-standard","5":"has-post-thumbnail","7":"category-artiste","8":"category-deco-design","9":"tag-art-contemporain","10":"tag-marseille","11":"tag-noir","12":"tag-pierre-fava","13":"entry"},"featured_image_urls":{"full":["https:\/\/i0.wp.com\/www.joyana.fr\/wp-content\/uploads\/2016\/08\/joyana-logo-black-360x180.png?fit=360%2C180&ssl=1",360,180,false],"thumbnail":["https:\/\/i0.wp.com\/www.joyana.fr\/wp-content\/uploads\/2016\/08\/joyana-logo-black-360x180.png?resize=150%2C150&ssl=1",150,150,true],"medium":["https:\/\/i0.wp.com\/www.joyana.fr\/wp-content\/uploads\/2016\/08\/joyana-logo-black-360x180.png?fit=360%2C180&ssl=1",360,180,true],"medium_large":["https:\/\/i0.wp.com\/www.joyana.fr\/wp-content\/uploads\/2016\/08\/joyana-logo-black-360x180.png?fit=360%2C180&ssl=1",360,180,true],"large":["https:\/\/i0.wp.com\/www.joyana.fr\/wp-content\/uploads\/2016\/08\/joyana-logo-black-360x180.png?fit=360%2C180&ssl=1",360,180,true],"1536x1536":["https:\/\/i0.wp.com\/www.joyana.fr\/wp-content\/uploads\/2016\/08\/joyana-logo-black-360x180.png?fit=360%2C180&ssl=1",360,180,true],"2048x2048":["https:\/\/i0.wp.com\/www.joyana.fr\/wp-content\/uploads\/2016\/08\/joyana-logo-black-360x180.png?fit=360%2C180&ssl=1",360,180,true],"featured-thumb":["https:\/\/i0.wp.com\/www.joyana.fr\/wp-content\/uploads\/2016\/08\/joyana-logo-black-360x180.png?resize=360%2C180&ssl=1",360,180,true],"ab-block-post-grid-landscape":["https:\/\/i0.wp.com\/www.joyana.fr\/wp-content\/uploads\/2016\/08\/joyana-logo-black-360x180.png?resize=360%2C180&ssl=1",360,180,true],"ab-block-post-grid-square":["https:\/\/i0.wp.com\/www.joyana.fr\/wp-content\/uploads\/2016\/08\/joyana-logo-black-360x180.png?resize=360%2C180&ssl=1",360,180,true],"author-pro-image":["https:\/\/i0.wp.com\/www.joyana.fr\/wp-content\/uploads\/2016\/08\/joyana-logo-black-360x180.png?resize=360%2C180&ssl=1",360,180,true],"slider":["https:\/\/i0.wp.com\/www.joyana.fr\/wp-content\/uploads\/2016\/08\/joyana-logo-black-360x180.png?resize=360%2C180&ssl=1",360,180,true],"woocommerce_thumbnail":["https:\/\/i0.wp.com\/www.joyana.fr\/wp-content\/uploads\/2016\/08\/joyana-logo-black-360x180.png?resize=300%2C180&ssl=1",300,180,true],"woocommerce_single":["https:\/\/i0.wp.com\/www.joyana.fr\/wp-content\/uploads\/2016\/08\/joyana-logo-black-360x180.png?fit=360%2C180&ssl=1",360,180,true],"woocommerce_gallery_thumbnail":["https:\/\/i0.wp.com\/www.joyana.fr\/wp-content\/uploads\/2016\/08\/joyana-logo-black-360x180.png?resize=180%2C180&ssl=1",180,180,true],"sow-carousel-default":["https:\/\/i0.wp.com\/www.joyana.fr\/wp-content\/uploads\/2016\/08\/joyana-logo-black-360x180.png?resize=272%2C180&ssl=1",272,180,true]},"post_excerpt_stackable":"<p>Pierre Fava est un artiste peintre contemporain de talent, c\u2019est lors de son vernissage \u00e0 la galerie Anna-tschopp \u00e0 Marseille, que notre admin Jo Yana l\u2019a rencontr\u00e9&#8230; Portrait : Pierre Fava est n\u00e9 \u00e0 Toulon en 1979, apr\u00e8s une enfance difficile et des \u00e9tudes inexistantes, il fuit un milieu familial et social insuffisament structurant. C\u2019est au hasard de rencontres qu\u2019il se construit sa personnalit\u00e9 et d\u00e9veloppe ses facult\u00e9s intellectuelles. Dans ses d\u00e9buts dans la peinture, il constate tr\u00e8s vite qu\u2019il \u00e9prouve des difficult\u00e9s \u00e0 dessiner et se sent beaucoup plus \u00e0 son aise quand il s\u2019agit de traiter directement avec&hellip;<\/p>\n","category_list":"<a href=\"https:\/\/www.joyana.fr\/en\/category\/deco-design\/actualite\/artiste\/\" rel=\"category tag\">Artiste<\/a>, <a href=\"https:\/\/www.joyana.fr\/en\/category\/deco-design\/\" rel=\"category tag\">DECO-DESIGN<\/a>","author_info":{"display_name":"Jo Yana","author_link":"https:\/\/www.joyana.fr\/en\/author\/joyana\/"},"comments_num":"18 comments","featured_image_urls_v2":{"full":["https:\/\/i0.wp.com\/www.joyana.fr\/wp-content\/uploads\/2016\/08\/joyana-logo-black-360x180.png?fit=360%2C180&ssl=1",360,180,false],"thumbnail":["https:\/\/i0.wp.com\/www.joyana.fr\/wp-content\/uploads\/2016\/08\/joyana-logo-black-360x180.png?resize=150%2C150&ssl=1",150,150,true],"medium":["https:\/\/i0.wp.com\/www.joyana.fr\/wp-content\/uploads\/2016\/08\/joyana-logo-black-360x180.png?fit=360%2C180&ssl=1",360,180,true],"medium_large":["https:\/\/i0.wp.com\/www.joyana.fr\/wp-content\/uploads\/2016\/08\/joyana-logo-black-360x180.png?fit=360%2C180&ssl=1",360,180,true],"large":["https:\/\/i0.wp.com\/www.joyana.fr\/wp-content\/uploads\/2016\/08\/joyana-logo-black-360x180.png?fit=360%2C180&ssl=1",360,180,true],"1536x1536":["https:\/\/i0.wp.com\/www.joyana.fr\/wp-content\/uploads\/2016\/08\/joyana-logo-black-360x180.png?fit=360%2C180&ssl=1",360,180,true],"2048x2048":["https:\/\/i0.wp.com\/www.joyana.fr\/wp-content\/uploads\/2016\/08\/joyana-logo-black-360x180.png?fit=360%2C180&ssl=1",360,180,true],"featured-thumb":["https:\/\/i0.wp.com\/www.joyana.fr\/wp-content\/uploads\/2016\/08\/joyana-logo-black-360x180.png?resize=360%2C180&ssl=1",360,180,true],"ab-block-post-grid-landscape":["https:\/\/i0.wp.com\/www.joyana.fr\/wp-content\/uploads\/2016\/08\/joyana-logo-black-360x180.png?resize=360%2C180&ssl=1",360,180,true],"ab-block-post-grid-square":["https:\/\/i0.wp.com\/www.joyana.fr\/wp-content\/uploads\/2016\/08\/joyana-logo-black-360x180.png?resize=360%2C180&ssl=1",360,180,true],"author-pro-image":["https:\/\/i0.wp.com\/www.joyana.fr\/wp-content\/uploads\/2016\/08\/joyana-logo-black-360x180.png?resize=360%2C180&ssl=1",360,180,true],"slider":["https:\/\/i0.wp.com\/www.joyana.fr\/wp-content\/uploads\/2016\/08\/joyana-logo-black-360x180.png?resize=360%2C180&ssl=1",360,180,true],"woocommerce_thumbnail":["https:\/\/i0.wp.com\/www.joyana.fr\/wp-content\/uploads\/2016\/08\/joyana-logo-black-360x180.png?resize=300%2C180&ssl=1",300,180,true],"woocommerce_single":["https:\/\/i0.wp.com\/www.joyana.fr\/wp-content\/uploads\/2016\/08\/joyana-logo-black-360x180.png?fit=360%2C180&ssl=1",360,180,true],"woocommerce_gallery_thumbnail":["https:\/\/i0.wp.com\/www.joyana.fr\/wp-content\/uploads\/2016\/08\/joyana-logo-black-360x180.png?resize=180%2C180&ssl=1",180,180,true],"sow-carousel-default":["https:\/\/i0.wp.com\/www.joyana.fr\/wp-content\/uploads\/2016\/08\/joyana-logo-black-360x180.png?resize=272%2C180&ssl=1",272,180,true]},"post_excerpt_stackable_v2":"<p>Pierre Fava est un artiste peintre contemporain de talent, c\u2019est lors de son vernissage \u00e0 la galerie Anna-tschopp \u00e0 Marseille, que notre admin Jo Yana l\u2019a rencontr\u00e9&#8230; Portrait : Pierre Fava est n\u00e9 \u00e0 Toulon en 1979, apr\u00e8s une enfance difficile et des \u00e9tudes inexistantes, il fuit un milieu familial et social insuffisament structurant. C\u2019est au hasard de rencontres qu\u2019il se construit sa personnalit\u00e9 et d\u00e9veloppe ses facult\u00e9s intellectuelles. Dans ses d\u00e9buts dans la peinture, il constate tr\u00e8s vite qu\u2019il \u00e9prouve des difficult\u00e9s \u00e0 dessiner et se sent beaucoup plus \u00e0 son aise quand il s\u2019agit de traiter directement avec&hellip;<\/p>\n","category_list_v2":"<a href=\"https:\/\/www.joyana.fr\/en\/category\/deco-design\/actualite\/artiste\/\" rel=\"category tag\">Artiste<\/a>, <a href=\"https:\/\/www.joyana.fr\/en\/category\/deco-design\/\" rel=\"category tag\">DECO-DESIGN<\/a>","author_info_v2":{"name":"Jo Yana","url":"https:\/\/www.joyana.fr\/en\/author\/joyana\/"},"comments_num_v2":"18 comments","yoast_head":"<!-- This site is optimized with the Yoast SEO plugin v26.8 - https:\/\/yoast.com\/product\/yoast-seo-wordpress\/ -->\n<title>Portrait et Interview du Peintre Pierre FAVA - JO YANA<\/title>\n<meta name=\"robots\" content=\"index, follow, max-snippet:-1, max-image-preview:large, max-video-preview:-1\" \/>\n<link rel=\"canonical\" href=\"https:\/\/www.joyana.fr\/en\/portrait-et-interview-du-peintre-pierre-fava\/100802\/\" \/>\n<meta property=\"og:locale\" content=\"en_US\" \/>\n<meta property=\"og:locale:alternate\" content=\"fr_FR\" \/>\n<meta property=\"og:locale:alternate\" content=\"ja\" \/>\n<meta property=\"og:type\" content=\"article\" \/>\n<meta property=\"og:title\" content=\"Portrait et Interview du Peintre Pierre FAVA - JO YANA\" \/>\n<meta property=\"og:description\" content=\"Pierre Fava est un artiste peintre contemporain de talent, c\u2019est lors de son vernissage \u00e0 la galerie Anna-tschopp \u00e0 Marseille, que notre admin Jo Yana l\u2019a rencontr\u00e9&#8230; Portrait : Pierre Fava est n\u00e9 \u00e0 Toulon en 1979, apr\u00e8s une enfance difficile et des \u00e9tudes inexistantes, il fuit un milieu familial et social insuffisament structurant. C\u2019est [&hellip;]\" \/>\n<meta property=\"og:url\" content=\"https:\/\/www.joyana.fr\/en\/portrait-et-interview-du-peintre-pierre-fava\/100802\/\" \/>\n<meta property=\"og:site_name\" content=\"JO YANA\" \/>\n<meta property=\"article:published_time\" content=\"2008-04-01T06:40:37+00:00\" \/>\n<meta property=\"og:image\" content=\"https:\/\/www.joyana.fr\/wp-content\/uploads\/2016\/08\/joyana-logo-black-360x180.png\" \/>\n\t<meta property=\"og:image:width\" content=\"360\" \/>\n\t<meta property=\"og:image:height\" content=\"180\" \/>\n\t<meta property=\"og:image:type\" content=\"image\/png\" \/>\n<meta name=\"author\" content=\"Jo Yana\" \/>\n<meta name=\"twitter:card\" content=\"summary_large_image\" \/>\n<meta name=\"twitter:creator\" content=\"@Jo_Yana\" \/>\n<meta name=\"twitter:site\" content=\"@Jo_Yana\" \/>\n<meta name=\"twitter:label1\" content=\"Written by\" \/>\n\t<meta name=\"twitter:data1\" content=\"Jo Yana\" \/>\n\t<meta name=\"twitter:label2\" content=\"Est. reading time\" \/>\n\t<meta name=\"twitter:data2\" content=\"6 minutes\" \/>\n<script type=\"application\/ld+json\" class=\"yoast-schema-graph\">{\"@context\":\"https:\/\/schema.org\",\"@graph\":[{\"@type\":\"Article\",\"@id\":\"https:\/\/www.joyana.fr\/en\/portrait-et-interview-du-peintre-pierre-fava\/100802\/#article\",\"isPartOf\":{\"@id\":\"https:\/\/www.joyana.fr\/en\/portrait-et-interview-du-peintre-pierre-fava\/100802\/\"},\"author\":{\"name\":\"Jo Yana\",\"@id\":\"https:\/\/joyana.fr\/#\/schema\/person\/cf2a1ad12a27c12c21801075bf37407c\"},\"headline\":\"Portrait et Interview du Peintre Pierre FAVA\",\"datePublished\":\"2008-04-01T06:40:37+00:00\",\"mainEntityOfPage\":{\"@id\":\"https:\/\/www.joyana.fr\/en\/portrait-et-interview-du-peintre-pierre-fava\/100802\/\"},\"wordCount\":1198,\"commentCount\":12,\"publisher\":{\"@id\":\"https:\/\/joyana.fr\/#\/schema\/person\/cf2a1ad12a27c12c21801075bf37407c\"},\"image\":{\"@id\":\"https:\/\/www.joyana.fr\/en\/portrait-et-interview-du-peintre-pierre-fava\/100802\/#primaryimage\"},\"thumbnailUrl\":\"https:\/\/i0.wp.com\/www.joyana.fr\/wp-content\/uploads\/2016\/08\/joyana-logo-black-360x180.png?fit=360%2C180&ssl=1\",\"keywords\":[\"Art Contemporain\",\"Marseille\",\"Noir\",\"Pierre FAVA\"],\"articleSection\":[\"Artiste\",\"DECO-DESIGN\"],\"inLanguage\":\"en-US\",\"potentialAction\":[{\"@type\":\"CommentAction\",\"name\":\"Comment\",\"target\":[\"https:\/\/www.joyana.fr\/en\/portrait-et-interview-du-peintre-pierre-fava\/100802\/#respond\"]}]},{\"@type\":\"WebPage\",\"@id\":\"https:\/\/www.joyana.fr\/en\/portrait-et-interview-du-peintre-pierre-fava\/100802\/\",\"url\":\"https:\/\/www.joyana.fr\/en\/portrait-et-interview-du-peintre-pierre-fava\/100802\/\",\"name\":\"Portrait et Interview du Peintre Pierre FAVA - JO YANA\",\"isPartOf\":{\"@id\":\"https:\/\/joyana.fr\/#website\"},\"primaryImageOfPage\":{\"@id\":\"https:\/\/www.joyana.fr\/en\/portrait-et-interview-du-peintre-pierre-fava\/100802\/#primaryimage\"},\"image\":{\"@id\":\"https:\/\/www.joyana.fr\/en\/portrait-et-interview-du-peintre-pierre-fava\/100802\/#primaryimage\"},\"thumbnailUrl\":\"https:\/\/i0.wp.com\/www.joyana.fr\/wp-content\/uploads\/2016\/08\/joyana-logo-black-360x180.png?fit=360%2C180&ssl=1\",\"datePublished\":\"2008-04-01T06:40:37+00:00\",\"breadcrumb\":{\"@id\":\"https:\/\/www.joyana.fr\/en\/portrait-et-interview-du-peintre-pierre-fava\/100802\/#breadcrumb\"},\"inLanguage\":\"en-US\",\"potentialAction\":[{\"@type\":\"ReadAction\",\"target\":[\"https:\/\/www.joyana.fr\/en\/portrait-et-interview-du-peintre-pierre-fava\/100802\/\"]}]},{\"@type\":\"ImageObject\",\"inLanguage\":\"en-US\",\"@id\":\"https:\/\/www.joyana.fr\/en\/portrait-et-interview-du-peintre-pierre-fava\/100802\/#primaryimage\",\"url\":\"https:\/\/i0.wp.com\/www.joyana.fr\/wp-content\/uploads\/2016\/08\/joyana-logo-black-360x180.png?fit=360%2C180&ssl=1\",\"contentUrl\":\"https:\/\/i0.wp.com\/www.joyana.fr\/wp-content\/uploads\/2016\/08\/joyana-logo-black-360x180.png?fit=360%2C180&ssl=1\",\"width\":360,\"height\":180,\"caption\":\"logo joyana.fr\"},{\"@type\":\"BreadcrumbList\",\"@id\":\"https:\/\/www.joyana.fr\/en\/portrait-et-interview-du-peintre-pierre-fava\/100802\/#breadcrumb\",\"itemListElement\":[{\"@type\":\"ListItem\",\"position\":1,\"name\":\"Accueil\",\"item\":\"https:\/\/joyana.fr\/\"},{\"@type\":\"ListItem\",\"position\":2,\"name\":\"Portrait et Interview du Peintre Pierre FAVA\"}]},{\"@type\":\"WebSite\",\"@id\":\"https:\/\/joyana.fr\/#website\",\"url\":\"https:\/\/joyana.fr\/\",\"name\":\"JO YANA\",\"description\":\"Blog Mode Homme, Lifestyle, D\u00e9co-Design\",\"publisher\":{\"@id\":\"https:\/\/joyana.fr\/#\/schema\/person\/cf2a1ad12a27c12c21801075bf37407c\"},\"potentialAction\":[{\"@type\":\"SearchAction\",\"target\":{\"@type\":\"EntryPoint\",\"urlTemplate\":\"https:\/\/joyana.fr\/?s={search_term_string}\"},\"query-input\":{\"@type\":\"PropertyValueSpecification\",\"valueRequired\":true,\"valueName\":\"search_term_string\"}}],\"inLanguage\":\"en-US\"},{\"@type\":[\"Person\",\"Organization\"],\"@id\":\"https:\/\/joyana.fr\/#\/schema\/person\/cf2a1ad12a27c12c21801075bf37407c\",\"name\":\"Jo Yana\",\"image\":{\"@type\":\"ImageObject\",\"inLanguage\":\"en-US\",\"@id\":\"https:\/\/joyana.fr\/#\/schema\/person\/image\/\",\"url\":\"https:\/\/i0.wp.com\/www.joyana.fr\/wp-content\/uploads\/2016\/08\/cropped-joyana-logo-black-360x180.png?fit=343%2C164&ssl=1\",\"contentUrl\":\"https:\/\/i0.wp.com\/www.joyana.fr\/wp-content\/uploads\/2016\/08\/cropped-joyana-logo-black-360x180.png?fit=343%2C164&ssl=1\",\"width\":343,\"height\":164,\"caption\":\"Jo Yana\"},\"logo\":{\"@id\":\"https:\/\/joyana.fr\/#\/schema\/person\/image\/\"},\"description\":\"Jo Yana est le cr\u00e9ateur et r\u00e9dacteur en chef des sites DECO-DESIGN. Passionn\u00e9 de Design, Mode, Photo, Luxe, Lifestyle, Musique, mais avant tout Blogueur ! Le plaisir de partager l'anime et a comme devise \\\"POUR L'AMOUR DU BEAU\\\". Retrouvez le aussi sur son blog personnel - https:\/\/joyana.fr...\",\"sameAs\":[\"https:\/\/joyana.fr\/\"],\"url\":\"https:\/\/www.joyana.fr\/en\/author\/joyana\/\"}]}<\/script>\n<!-- \/ Yoast SEO plugin. -->","yoast_head_json":{"title":"Portrait et Interview du Peintre Pierre FAVA - JO YANA","robots":{"index":"index","follow":"follow","max-snippet":"max-snippet:-1","max-image-preview":"max-image-preview:large","max-video-preview":"max-video-preview:-1"},"canonical":"https:\/\/www.joyana.fr\/en\/portrait-et-interview-du-peintre-pierre-fava\/100802\/","og_locale":"en_US","og_type":"article","og_title":"Portrait et Interview du Peintre Pierre FAVA - JO YANA","og_description":"Pierre Fava est un artiste peintre contemporain de talent, c\u2019est lors de son vernissage \u00e0 la galerie Anna-tschopp \u00e0 Marseille, que notre admin Jo Yana l\u2019a rencontr\u00e9&#8230; Portrait : Pierre Fava est n\u00e9 \u00e0 Toulon en 1979, apr\u00e8s une enfance difficile et des \u00e9tudes inexistantes, il fuit un milieu familial et social insuffisament structurant. C\u2019est [&hellip;]","og_url":"https:\/\/www.joyana.fr\/en\/portrait-et-interview-du-peintre-pierre-fava\/100802\/","og_site_name":"JO YANA","article_published_time":"2008-04-01T06:40:37+00:00","og_image":[{"width":360,"height":180,"url":"https:\/\/www.joyana.fr\/wp-content\/uploads\/2016\/08\/joyana-logo-black-360x180.png","type":"image\/png"}],"author":"Jo Yana","twitter_card":"summary_large_image","twitter_creator":"@Jo_Yana","twitter_site":"@Jo_Yana","twitter_misc":{"Written by":"Jo Yana","Est. reading time":"6 minutes"},"schema":{"@context":"https:\/\/schema.org","@graph":[{"@type":"Article","@id":"https:\/\/www.joyana.fr\/en\/portrait-et-interview-du-peintre-pierre-fava\/100802\/#article","isPartOf":{"@id":"https:\/\/www.joyana.fr\/en\/portrait-et-interview-du-peintre-pierre-fava\/100802\/"},"author":{"name":"Jo Yana","@id":"https:\/\/joyana.fr\/#\/schema\/person\/cf2a1ad12a27c12c21801075bf37407c"},"headline":"Portrait et Interview du Peintre Pierre FAVA","datePublished":"2008-04-01T06:40:37+00:00","mainEntityOfPage":{"@id":"https:\/\/www.joyana.fr\/en\/portrait-et-interview-du-peintre-pierre-fava\/100802\/"},"wordCount":1198,"commentCount":12,"publisher":{"@id":"https:\/\/joyana.fr\/#\/schema\/person\/cf2a1ad12a27c12c21801075bf37407c"},"image":{"@id":"https:\/\/www.joyana.fr\/en\/portrait-et-interview-du-peintre-pierre-fava\/100802\/#primaryimage"},"thumbnailUrl":"https:\/\/i0.wp.com\/www.joyana.fr\/wp-content\/uploads\/2016\/08\/joyana-logo-black-360x180.png?fit=360%2C180&ssl=1","keywords":["Art Contemporain","Marseille","Noir","Pierre FAVA"],"articleSection":["Artiste","DECO-DESIGN"],"inLanguage":"en-US","potentialAction":[{"@type":"CommentAction","name":"Comment","target":["https:\/\/www.joyana.fr\/en\/portrait-et-interview-du-peintre-pierre-fava\/100802\/#respond"]}]},{"@type":"WebPage","@id":"https:\/\/www.joyana.fr\/en\/portrait-et-interview-du-peintre-pierre-fava\/100802\/","url":"https:\/\/www.joyana.fr\/en\/portrait-et-interview-du-peintre-pierre-fava\/100802\/","name":"Portrait et Interview du Peintre Pierre FAVA - JO YANA","isPartOf":{"@id":"https:\/\/joyana.fr\/#website"},"primaryImageOfPage":{"@id":"https:\/\/www.joyana.fr\/en\/portrait-et-interview-du-peintre-pierre-fava\/100802\/#primaryimage"},"image":{"@id":"https:\/\/www.joyana.fr\/en\/portrait-et-interview-du-peintre-pierre-fava\/100802\/#primaryimage"},"thumbnailUrl":"https:\/\/i0.wp.com\/www.joyana.fr\/wp-content\/uploads\/2016\/08\/joyana-logo-black-360x180.png?fit=360%2C180&ssl=1","datePublished":"2008-04-01T06:40:37+00:00","breadcrumb":{"@id":"https:\/\/www.joyana.fr\/en\/portrait-et-interview-du-peintre-pierre-fava\/100802\/#breadcrumb"},"inLanguage":"en-US","potentialAction":[{"@type":"ReadAction","target":["https:\/\/www.joyana.fr\/en\/portrait-et-interview-du-peintre-pierre-fava\/100802\/"]}]},{"@type":"ImageObject","inLanguage":"en-US","@id":"https:\/\/www.joyana.fr\/en\/portrait-et-interview-du-peintre-pierre-fava\/100802\/#primaryimage","url":"https:\/\/i0.wp.com\/www.joyana.fr\/wp-content\/uploads\/2016\/08\/joyana-logo-black-360x180.png?fit=360%2C180&ssl=1","contentUrl":"https:\/\/i0.wp.com\/www.joyana.fr\/wp-content\/uploads\/2016\/08\/joyana-logo-black-360x180.png?fit=360%2C180&ssl=1","width":360,"height":180,"caption":"logo joyana.fr"},{"@type":"BreadcrumbList","@id":"https:\/\/www.joyana.fr\/en\/portrait-et-interview-du-peintre-pierre-fava\/100802\/#breadcrumb","itemListElement":[{"@type":"ListItem","position":1,"name":"Accueil","item":"https:\/\/joyana.fr\/"},{"@type":"ListItem","position":2,"name":"Portrait et Interview du Peintre Pierre FAVA"}]},{"@type":"WebSite","@id":"https:\/\/joyana.fr\/#website","url":"https:\/\/joyana.fr\/","name":"JO YANA","description":"Blog Mode Homme, Lifestyle, D\u00e9co-Design","publisher":{"@id":"https:\/\/joyana.fr\/#\/schema\/person\/cf2a1ad12a27c12c21801075bf37407c"},"potentialAction":[{"@type":"SearchAction","target":{"@type":"EntryPoint","urlTemplate":"https:\/\/joyana.fr\/?s={search_term_string}"},"query-input":{"@type":"PropertyValueSpecification","valueRequired":true,"valueName":"search_term_string"}}],"inLanguage":"en-US"},{"@type":["Person","Organization"],"@id":"https:\/\/joyana.fr\/#\/schema\/person\/cf2a1ad12a27c12c21801075bf37407c","name":"Jo Yana","image":{"@type":"ImageObject","inLanguage":"en-US","@id":"https:\/\/joyana.fr\/#\/schema\/person\/image\/","url":"https:\/\/i0.wp.com\/www.joyana.fr\/wp-content\/uploads\/2016\/08\/cropped-joyana-logo-black-360x180.png?fit=343%2C164&ssl=1","contentUrl":"https:\/\/i0.wp.com\/www.joyana.fr\/wp-content\/uploads\/2016\/08\/cropped-joyana-logo-black-360x180.png?fit=343%2C164&ssl=1","width":343,"height":164,"caption":"Jo Yana"},"logo":{"@id":"https:\/\/joyana.fr\/#\/schema\/person\/image\/"},"description":"Jo Yana est le cr\u00e9ateur et r\u00e9dacteur en chef des sites DECO-DESIGN. Passionn\u00e9 de Design, Mode, Photo, Luxe, Lifestyle, Musique, mais avant tout Blogueur ! Le plaisir de partager l'anime et a comme devise \"POUR L'AMOUR DU BEAU\". Retrouvez le aussi sur son blog personnel - https:\/\/joyana.fr...","sameAs":["https:\/\/joyana.fr\/"],"url":"https:\/\/www.joyana.fr\/en\/author\/joyana\/"}]}},"author_meta":{"display_name":"Jo Yana","author_link":"https:\/\/www.joyana.fr\/en\/author\/joyana\/"},"featured_img":"https:\/\/i0.wp.com\/www.joyana.fr\/wp-content\/uploads\/2016\/08\/joyana-logo-black-360x180.png?fit=360%2C180&ssl=1","featured_image_src":"https:\/\/i0.wp.com\/www.joyana.fr\/wp-content\/uploads\/2016\/08\/joyana-logo-black-360x180.png?resize=360%2C180&ssl=1","featured_image_src_square":"https:\/\/i0.wp.com\/www.joyana.fr\/wp-content\/uploads\/2016\/08\/joyana-logo-black-360x180.png?resize=360%2C180&ssl=1","jetpack_featured_media_url":"https:\/\/i0.wp.com\/www.joyana.fr\/wp-content\/uploads\/2016\/08\/joyana-logo-black-360x180.png?fit=360%2C180&ssl=1","uagb_featured_image_src":{"full":["https:\/\/i0.wp.com\/www.joyana.fr\/wp-content\/uploads\/2016\/08\/joyana-logo-black-360x180.png?fit=360%2C180&ssl=1",360,180,false],"thumbnail":["https:\/\/i0.wp.com\/www.joyana.fr\/wp-content\/uploads\/2016\/08\/joyana-logo-black-360x180.png?resize=150%2C150&ssl=1",150,150,true],"medium":["https:\/\/i0.wp.com\/www.joyana.fr\/wp-content\/uploads\/2016\/08\/joyana-logo-black-360x180.png?fit=360%2C180&ssl=1",360,180,true],"medium_large":["https:\/\/i0.wp.com\/www.joyana.fr\/wp-content\/uploads\/2016\/08\/joyana-logo-black-360x180.png?fit=360%2C180&ssl=1",360,180,true],"large":["https:\/\/i0.wp.com\/www.joyana.fr\/wp-content\/uploads\/2016\/08\/joyana-logo-black-360x180.png?fit=360%2C180&ssl=1",360,180,true],"1536x1536":["https:\/\/i0.wp.com\/www.joyana.fr\/wp-content\/uploads\/2016\/08\/joyana-logo-black-360x180.png?fit=360%2C180&ssl=1",360,180,true],"2048x2048":["https:\/\/i0.wp.com\/www.joyana.fr\/wp-content\/uploads\/2016\/08\/joyana-logo-black-360x180.png?fit=360%2C180&ssl=1",360,180,true],"featured-thumb":["https:\/\/i0.wp.com\/www.joyana.fr\/wp-content\/uploads\/2016\/08\/joyana-logo-black-360x180.png?resize=360%2C180&ssl=1",360,180,true],"ab-block-post-grid-landscape":["https:\/\/i0.wp.com\/www.joyana.fr\/wp-content\/uploads\/2016\/08\/joyana-logo-black-360x180.png?resize=360%2C180&ssl=1",360,180,true],"ab-block-post-grid-square":["https:\/\/i0.wp.com\/www.joyana.fr\/wp-content\/uploads\/2016\/08\/joyana-logo-black-360x180.png?resize=360%2C180&ssl=1",360,180,true],"author-pro-image":["https:\/\/i0.wp.com\/www.joyana.fr\/wp-content\/uploads\/2016\/08\/joyana-logo-black-360x180.png?resize=360%2C180&ssl=1",360,180,true],"slider":["https:\/\/i0.wp.com\/www.joyana.fr\/wp-content\/uploads\/2016\/08\/joyana-logo-black-360x180.png?resize=360%2C180&ssl=1",360,180,true],"woocommerce_thumbnail":["https:\/\/i0.wp.com\/www.joyana.fr\/wp-content\/uploads\/2016\/08\/joyana-logo-black-360x180.png?resize=300%2C180&ssl=1",300,180,true],"woocommerce_single":["https:\/\/i0.wp.com\/www.joyana.fr\/wp-content\/uploads\/2016\/08\/joyana-logo-black-360x180.png?fit=360%2C180&ssl=1",360,180,true],"woocommerce_gallery_thumbnail":["https:\/\/i0.wp.com\/www.joyana.fr\/wp-content\/uploads\/2016\/08\/joyana-logo-black-360x180.png?resize=180%2C180&ssl=1",180,180,true],"sow-carousel-default":["https:\/\/i0.wp.com\/www.joyana.fr\/wp-content\/uploads\/2016\/08\/joyana-logo-black-360x180.png?resize=272%2C180&ssl=1",272,180,true]},"uagb_author_info":{"display_name":"Jo Yana","author_link":"https:\/\/www.joyana.fr\/en\/author\/joyana\/"},"uagb_comment_info":18,"uagb_excerpt":"Pierre Fava est un artiste peintre contemporain de talent, c\u2019est lors de son vernissage \u00e0 la galerie Anna-tschopp \u00e0 Marseille, que notre admin Jo Yana l\u2019a rencontr\u00e9&#8230; Portrait : Pierre Fava est n\u00e9 \u00e0 Toulon en 1979, apr\u00e8s une enfance difficile et des \u00e9tudes inexistantes, il fuit un milieu familial et social insuffisament structurant. C\u2019est&hellip;","coauthors":[],"tax_additional":{"categories":{"linked":["<a href=\"https:\/\/www.joyana.fr\/en\/category\/deco-design\/actualite\/artiste\/\" class=\"advgb-post-tax-term\">Artiste<\/a>","<a href=\"https:\/\/www.joyana.fr\/en\/category\/deco-design\/\" class=\"advgb-post-tax-term\">DECO-DESIGN<\/a>"],"unlinked":["<span class=\"advgb-post-tax-term\">Artiste<\/span>","<span class=\"advgb-post-tax-term\">DECO-DESIGN<\/span>"]},"tags":{"linked":["<a href=\"https:\/\/www.joyana.fr\/en\/category\/deco-design\/\" class=\"advgb-post-tax-term\">Art Contemporain<\/a>","<a href=\"https:\/\/www.joyana.fr\/en\/category\/deco-design\/\" class=\"advgb-post-tax-term\">Marseille<\/a>","<a href=\"https:\/\/www.joyana.fr\/en\/category\/deco-design\/\" class=\"advgb-post-tax-term\">Noir<\/a>","<a href=\"https:\/\/www.joyana.fr\/en\/category\/deco-design\/\" class=\"advgb-post-tax-term\">Pierre FAVA<\/a>"],"unlinked":["<span class=\"advgb-post-tax-term\">Art Contemporain<\/span>","<span class=\"advgb-post-tax-term\">Marseille<\/span>","<span class=\"advgb-post-tax-term\">Noir<\/span>","<span class=\"advgb-post-tax-term\">Pierre FAVA<\/span>"]}},"comment_count":18,"relative_dates":{"created":"Posted 18 years ago","modified":"Updated 18 years ago"},"absolute_dates":{"created":"Posted on 1 April 2008","modified":"Updated on 1 April 2008"},"absolute_dates_time":{"created":"Posted on 1 April 2008 7:40","modified":"Updated on 1 April 2008 7:40"},"featured_img_caption":"","series_order":"","jetpack_sharing_enabled":true,"jetpack_shortlink":"https:\/\/wp.me\/p9bteI-qdQ","jetpack-related-posts":[],"_links":{"self":[{"href":"https:\/\/www.joyana.fr\/en\/wp-json\/wp\/v2\/posts\/100802","targetHints":{"allow":["GET"]}}],"collection":[{"href":"https:\/\/www.joyana.fr\/en\/wp-json\/wp\/v2\/posts"}],"about":[{"href":"https:\/\/www.joyana.fr\/en\/wp-json\/wp\/v2\/types\/post"}],"author":[{"embeddable":true,"href":"https:\/\/www.joyana.fr\/en\/wp-json\/wp\/v2\/users\/3"}],"replies":[{"embeddable":true,"href":"https:\/\/www.joyana.fr\/en\/wp-json\/wp\/v2\/comments?post=100802"}],"version-history":[{"count":0,"href":"https:\/\/www.joyana.fr\/en\/wp-json\/wp\/v2\/posts\/100802\/revisions"}],"wp:featuredmedia":[{"embeddable":true,"href":"https:\/\/www.joyana.fr\/en\/wp-json\/wp\/v2\/media\/124300"}],"wp:attachment":[{"href":"https:\/\/www.joyana.fr\/en\/wp-json\/wp\/v2\/media?parent=100802"}],"wp:term":[{"taxonomy":"category","embeddable":true,"href":"https:\/\/www.joyana.fr\/en\/wp-json\/wp\/v2\/categories?post=100802"},{"taxonomy":"post_tag","embeddable":true,"href":"https:\/\/www.joyana.fr\/en\/wp-json\/wp\/v2\/tags?post=100802"}],"curies":[{"name":"wp","href":"https:\/\/api.w.org\/{rel}","templated":true}]}}