{"id":100463,"date":"2008-02-14T01:12:19","date_gmt":"2008-02-14T00:12:19","guid":{"rendered":"https:\/\/joyana.fr\/sac-louis-vuitton-icone-bag-par-zaha-hadid\/"},"modified":"2008-02-14T01:12:19","modified_gmt":"2008-02-14T00:12:19","slug":"sac-louis-vuitton-icone-bag-par-zaha-hadid","status":"publish","type":"post","link":"https:\/\/www.joyana.fr\/en\/sac-louis-vuitton-icone-bag-par-zaha-hadid\/100463\/","title":{"rendered":"Sac Louis Vuitton &quot;Icone Bag&quot; par Zaha HADID"},"content":{"rendered":"<p>Le Bucket de <strong>Louis Vuitton<\/strong> sac de l\u00e9gende sorti en 1968, est revisit\u00e9 par <strong>Zaha Hadid<\/strong>, le <strong>&#8220;Icone Bag&#8221;<\/strong> est expos\u00e9 en 2006 \u00e0 l\u2019espace <strong>Louis Vuitton<\/strong>.<\/p>\n<p><img data-recalc-dims=\"1\" fetchpriority=\"high\" decoding=\"async\" src=\"https:\/\/i0.wp.com\/joyana.fr\/wp-content\/uploads\/wh544-17.jpg?resize=500%2C765&#038;ssl=1\" alt=\"Sac Louis Vuitton\" align=\"top\" border=\"0\" height=\"765\" hspace=\"8\" width=\"500\" \/><\/p>\n<p><strong>Louis Vuitton<\/strong> a invit\u00e9 neuf exceptionnels talents cr\u00e9ateurs,artistes, architectes et designers pour c\u00e9l\u00e9brer neuf sacs iconiques, dans une exposition qui s\u2019est d\u00e9roul\u00e9 du 15 septembre au d\u00e9cembre 31, 2006 \u00e0 <strong>l\u2019Espace Louis Vuitton<\/strong>.<\/p>\n<p><strong>L\u2019Espace Louis Vuitton<\/strong> a \u00e9t\u00e9 inaugur\u00e9 en janvier 2006. Cette troisi\u00e8me exposition souligne les liens \u00e9troits qui ont toujours li\u00e9 <strong>Louis Vuitton<\/strong> avec le monde de l\u2019art<\/p>\n<p>Nous avons fait un focus sur la cr\u00e9ation de <strong>Zaha Hadid<\/strong> qui est absolument stup\u00e9fiante.<\/p>\n<p><img data-recalc-dims=\"1\" decoding=\"async\" src=\"https:\/\/i0.wp.com\/joyana.fr\/wp-content\/uploads\/wh544-2.jpg?resize=500%2C263&#038;ssl=1\" alt=\"Sac Louis Vuitton\" align=\"top\" border=\"0\" height=\"263\" hspace=\"8\" width=\"500\" \/><\/p>\n<p><img data-recalc-dims=\"1\" decoding=\"async\" src=\"https:\/\/i0.wp.com\/joyana.fr\/wp-content\/uploads\/wh544-16.jpg?resize=500%2C759&#038;ssl=1\" alt=\"sac louis vuitton par zaha hadid\" align=\"top\" border=\"0\" height=\"759\" hspace=\"8\" width=\"500\" \/><\/p>\n<p>Neuf cr\u00e9ateurs ont accept\u00e9 le d\u00e9fit de <strong>Louis Vuitton<\/strong> :<\/p>\n<p>Shigeru Ban &#8211; Papillon<br \/>\nSylvie Fleury &#8211; Keepall<br \/>\nZaha Hadid &#8211; Bucket<br \/>\nBruno Peinado &#8211; Speedy<br \/>\nAndree Putman &#8211; Steamer bag<br \/>\nUgo Rondinone &#8211; Lockit<br \/>\nJames Turrell &#8211; Wardrobe<br \/>\nTim White Sobieski &#8211; Alma<br \/>\nRobert Wilson &#8211; Noe<\/p>\n<p><a href=\"http:\/\/www.zaha-hadid.com\/\">http:\/\/www.zaha-hadid.com\/<\/a><\/p>\n<p><a href=\"http:\/\/jo_yana@hotmail.com\" target=\"_blank\">Jo Yana<\/a><\/p>\n","protected":false},"excerpt":{"rendered":"<p>Le Bucket de Louis Vuitton sac de l\u00e9gende sorti en 1968, est revisit\u00e9 par Zaha Hadid, le &#8220;Icone Bag&#8221; est expos\u00e9 en 2006 \u00e0 l\u2019espace Louis Vuitton. Louis Vuitton a invit\u00e9 neuf exceptionnels talents cr\u00e9ateurs,artistes, architectes et designers pour c\u00e9l\u00e9brer neuf sacs iconiques, dans une exposition qui s\u2019est d\u00e9roul\u00e9 du 15 septembre au d\u00e9cembre 31, [&hellip;]<\/p>\n","protected":false},"author":3,"featured_media":124300,"comment_status":"open","ping_status":"open","sticky":false,"template":"","format":"standard","meta":{"_coblocks_attr":"","_coblocks_dimensions":"","_coblocks_responsive_height":"","_coblocks_accordion_ie_support":"","_uag_custom_page_level_css":"","advgb_blocks_editor_width":"","advgb_blocks_columns_visual_guide":"","_genesis_hide_title":false,"_genesis_hide_breadcrumbs":false,"_genesis_hide_singular_image":false,"_genesis_hide_footer_widgets":false,"_genesis_custom_body_class":"","_genesis_custom_post_class":"","_genesis_layout":"","_themeisle_gutenberg_block_has_review":false,"_jetpack_newsletter_access":"","_jetpack_dont_email_post_to_subs":false,"_jetpack_newsletter_tier_id":0,"_jetpack_memberships_contains_paywalled_content":false,"_jetpack_memberships_contains_paid_content":false,"footnotes":""},"categories":[905,911,2124],"tags":[1057],"class_list":{"0":"post-100463","1":"post","2":"type-post","3":"status-publish","4":"format-standard","5":"has-post-thumbnail","7":"category-deco-design","8":"category-designer","9":"category-mode","10":"tag-zaha-hadid","11":"entry"},"featured_image_urls":{"full":["https:\/\/i0.wp.com\/www.joyana.fr\/wp-content\/uploads\/2016\/08\/joyana-logo-black-360x180.png?fit=360%2C180&ssl=1",360,180,false],"thumbnail":["https:\/\/i0.wp.com\/www.joyana.fr\/wp-content\/uploads\/2016\/08\/joyana-logo-black-360x180.png?resize=150%2C150&ssl=1",150,150,true],"medium":["https:\/\/i0.wp.com\/www.joyana.fr\/wp-content\/uploads\/2016\/08\/joyana-logo-black-360x180.png?fit=360%2C180&ssl=1",360,180,true],"medium_large":["https:\/\/i0.wp.com\/www.joyana.fr\/wp-content\/uploads\/2016\/08\/joyana-logo-black-360x180.png?fit=360%2C180&ssl=1",360,180,true],"large":["https:\/\/i0.wp.com\/www.joyana.fr\/wp-content\/uploads\/2016\/08\/joyana-logo-black-360x180.png?fit=360%2C180&ssl=1",360,180,true],"1536x1536":["https:\/\/i0.wp.com\/www.joyana.fr\/wp-content\/uploads\/2016\/08\/joyana-logo-black-360x180.png?fit=360%2C180&ssl=1",360,180,true],"2048x2048":["https:\/\/i0.wp.com\/www.joyana.fr\/wp-content\/uploads\/2016\/08\/joyana-logo-black-360x180.png?fit=360%2C180&ssl=1",360,180,true],"featured-thumb":["https:\/\/i0.wp.com\/www.joyana.fr\/wp-content\/uploads\/2016\/08\/joyana-logo-black-360x180.png?resize=360%2C180&ssl=1",360,180,true],"ab-block-post-grid-landscape":["https:\/\/i0.wp.com\/www.joyana.fr\/wp-content\/uploads\/2016\/08\/joyana-logo-black-360x180.png?resize=360%2C180&ssl=1",360,180,true],"ab-block-post-grid-square":["https:\/\/i0.wp.com\/www.joyana.fr\/wp-content\/uploads\/2016\/08\/joyana-logo-black-360x180.png?resize=360%2C180&ssl=1",360,180,true],"author-pro-image":["https:\/\/i0.wp.com\/www.joyana.fr\/wp-content\/uploads\/2016\/08\/joyana-logo-black-360x180.png?resize=360%2C180&ssl=1",360,180,true],"slider":["https:\/\/i0.wp.com\/www.joyana.fr\/wp-content\/uploads\/2016\/08\/joyana-logo-black-360x180.png?resize=360%2C180&ssl=1",360,180,true],"woocommerce_thumbnail":["https:\/\/i0.wp.com\/www.joyana.fr\/wp-content\/uploads\/2016\/08\/joyana-logo-black-360x180.png?resize=300%2C180&ssl=1",300,180,true],"woocommerce_single":["https:\/\/i0.wp.com\/www.joyana.fr\/wp-content\/uploads\/2016\/08\/joyana-logo-black-360x180.png?fit=360%2C180&ssl=1",360,180,true],"woocommerce_gallery_thumbnail":["https:\/\/i0.wp.com\/www.joyana.fr\/wp-content\/uploads\/2016\/08\/joyana-logo-black-360x180.png?resize=180%2C180&ssl=1",180,180,true],"sow-carousel-default":["https:\/\/i0.wp.com\/www.joyana.fr\/wp-content\/uploads\/2016\/08\/joyana-logo-black-360x180.png?resize=272%2C180&ssl=1",272,180,true]},"post_excerpt_stackable":"<p>Le Bucket de Louis Vuitton sac de l\u00e9gende sorti en 1968, est revisit\u00e9 par Zaha Hadid, le &#8220;Icone Bag&#8221; est expos\u00e9 en 2006 \u00e0 l\u2019espace Louis Vuitton. Louis Vuitton a invit\u00e9 neuf exceptionnels talents cr\u00e9ateurs,artistes, architectes et designers pour c\u00e9l\u00e9brer neuf sacs iconiques, dans une exposition qui s\u2019est d\u00e9roul\u00e9 du 15 septembre au d\u00e9cembre 31, 2006 \u00e0 l\u2019Espace Louis Vuitton. L\u2019Espace Louis Vuitton a \u00e9t\u00e9 inaugur\u00e9 en janvier 2006. Cette troisi\u00e8me exposition souligne les liens \u00e9troits qui ont toujours li\u00e9 Louis Vuitton avec le monde de l\u2019art Nous avons fait un focus sur la cr\u00e9ation de Zaha Hadid qui est&hellip;<\/p>\n","category_list":"<a href=\"https:\/\/www.joyana.fr\/en\/category\/deco-design\/\" rel=\"category tag\">DECO-DESIGN<\/a>, <a href=\"https:\/\/www.joyana.fr\/en\/category\/deco-design\/designer\/\" rel=\"category tag\">Designer<\/a>, <a href=\"https:\/\/www.joyana.fr\/en\/category\/deco-design\/actualite\/mode\/\" rel=\"category tag\">Mode<\/a>","author_info":{"display_name":"Jo Yana","author_link":"https:\/\/www.joyana.fr\/en\/author\/joyana\/"},"comments_num":"2 comments","featured_image_urls_v2":{"full":["https:\/\/i0.wp.com\/www.joyana.fr\/wp-content\/uploads\/2016\/08\/joyana-logo-black-360x180.png?fit=360%2C180&ssl=1",360,180,false],"thumbnail":["https:\/\/i0.wp.com\/www.joyana.fr\/wp-content\/uploads\/2016\/08\/joyana-logo-black-360x180.png?resize=150%2C150&ssl=1",150,150,true],"medium":["https:\/\/i0.wp.com\/www.joyana.fr\/wp-content\/uploads\/2016\/08\/joyana-logo-black-360x180.png?fit=360%2C180&ssl=1",360,180,true],"medium_large":["https:\/\/i0.wp.com\/www.joyana.fr\/wp-content\/uploads\/2016\/08\/joyana-logo-black-360x180.png?fit=360%2C180&ssl=1",360,180,true],"large":["https:\/\/i0.wp.com\/www.joyana.fr\/wp-content\/uploads\/2016\/08\/joyana-logo-black-360x180.png?fit=360%2C180&ssl=1",360,180,true],"1536x1536":["https:\/\/i0.wp.com\/www.joyana.fr\/wp-content\/uploads\/2016\/08\/joyana-logo-black-360x180.png?fit=360%2C180&ssl=1",360,180,true],"2048x2048":["https:\/\/i0.wp.com\/www.joyana.fr\/wp-content\/uploads\/2016\/08\/joyana-logo-black-360x180.png?fit=360%2C180&ssl=1",360,180,true],"featured-thumb":["https:\/\/i0.wp.com\/www.joyana.fr\/wp-content\/uploads\/2016\/08\/joyana-logo-black-360x180.png?resize=360%2C180&ssl=1",360,180,true],"ab-block-post-grid-landscape":["https:\/\/i0.wp.com\/www.joyana.fr\/wp-content\/uploads\/2016\/08\/joyana-logo-black-360x180.png?resize=360%2C180&ssl=1",360,180,true],"ab-block-post-grid-square":["https:\/\/i0.wp.com\/www.joyana.fr\/wp-content\/uploads\/2016\/08\/joyana-logo-black-360x180.png?resize=360%2C180&ssl=1",360,180,true],"author-pro-image":["https:\/\/i0.wp.com\/www.joyana.fr\/wp-content\/uploads\/2016\/08\/joyana-logo-black-360x180.png?resize=360%2C180&ssl=1",360,180,true],"slider":["https:\/\/i0.wp.com\/www.joyana.fr\/wp-content\/uploads\/2016\/08\/joyana-logo-black-360x180.png?resize=360%2C180&ssl=1",360,180,true],"woocommerce_thumbnail":["https:\/\/i0.wp.com\/www.joyana.fr\/wp-content\/uploads\/2016\/08\/joyana-logo-black-360x180.png?resize=300%2C180&ssl=1",300,180,true],"woocommerce_single":["https:\/\/i0.wp.com\/www.joyana.fr\/wp-content\/uploads\/2016\/08\/joyana-logo-black-360x180.png?fit=360%2C180&ssl=1",360,180,true],"woocommerce_gallery_thumbnail":["https:\/\/i0.wp.com\/www.joyana.fr\/wp-content\/uploads\/2016\/08\/joyana-logo-black-360x180.png?resize=180%2C180&ssl=1",180,180,true],"sow-carousel-default":["https:\/\/i0.wp.com\/www.joyana.fr\/wp-content\/uploads\/2016\/08\/joyana-logo-black-360x180.png?resize=272%2C180&ssl=1",272,180,true]},"post_excerpt_stackable_v2":"<p>Le Bucket de Louis Vuitton sac de l\u00e9gende sorti en 1968, est revisit\u00e9 par Zaha Hadid, le &#8220;Icone Bag&#8221; est expos\u00e9 en 2006 \u00e0 l\u2019espace Louis Vuitton. Louis Vuitton a invit\u00e9 neuf exceptionnels talents cr\u00e9ateurs,artistes, architectes et designers pour c\u00e9l\u00e9brer neuf sacs iconiques, dans une exposition qui s\u2019est d\u00e9roul\u00e9 du 15 septembre au d\u00e9cembre 31, 2006 \u00e0 l\u2019Espace Louis Vuitton. L\u2019Espace Louis Vuitton a \u00e9t\u00e9 inaugur\u00e9 en janvier 2006. Cette troisi\u00e8me exposition souligne les liens \u00e9troits qui ont toujours li\u00e9 Louis Vuitton avec le monde de l\u2019art Nous avons fait un focus sur la cr\u00e9ation de Zaha Hadid qui est&hellip;<\/p>\n","category_list_v2":"<a href=\"https:\/\/www.joyana.fr\/en\/category\/deco-design\/\" rel=\"category tag\">DECO-DESIGN<\/a>, <a href=\"https:\/\/www.joyana.fr\/en\/category\/deco-design\/designer\/\" rel=\"category tag\">Designer<\/a>, <a href=\"https:\/\/www.joyana.fr\/en\/category\/deco-design\/actualite\/mode\/\" rel=\"category tag\">Mode<\/a>","author_info_v2":{"name":"Jo Yana","url":"https:\/\/www.joyana.fr\/en\/author\/joyana\/"},"comments_num_v2":"2 comments","yoast_head":"<!-- This site is optimized with the Yoast SEO plugin v26.8 - https:\/\/yoast.com\/product\/yoast-seo-wordpress\/ -->\n<title>Sac Louis Vuitton &quot;Icone Bag&quot; par Zaha HADID - JO YANA<\/title>\n<meta name=\"robots\" content=\"index, follow, max-snippet:-1, max-image-preview:large, max-video-preview:-1\" \/>\n<link rel=\"canonical\" href=\"https:\/\/joyana.fr\/en\/sac-louis-vuitton-icone-bag-par-zaha-hadid\/100463\/\" \/>\n<meta property=\"og:locale\" content=\"en_US\" \/>\n<meta property=\"og:locale:alternate\" content=\"fr_FR\" \/>\n<meta property=\"og:locale:alternate\" content=\"ja\" \/>\n<meta property=\"og:type\" content=\"article\" \/>\n<meta property=\"og:title\" content=\"Sac Louis Vuitton &quot;Icone Bag&quot; par Zaha HADID - JO YANA\" \/>\n<meta property=\"og:description\" content=\"Le Bucket de Louis Vuitton sac de l\u00e9gende sorti en 1968, est revisit\u00e9 par Zaha Hadid, le &#8220;Icone Bag&#8221; est expos\u00e9 en 2006 \u00e0 l\u2019espace Louis Vuitton. Louis Vuitton a invit\u00e9 neuf exceptionnels talents cr\u00e9ateurs,artistes, architectes et designers pour c\u00e9l\u00e9brer neuf sacs iconiques, dans une exposition qui s\u2019est d\u00e9roul\u00e9 du 15 septembre au d\u00e9cembre 31, [&hellip;]\" \/>\n<meta property=\"og:url\" content=\"https:\/\/www.joyana.fr\/en\/sac-louis-vuitton-icone-bag-par-zaha-hadid\/100463\/\" \/>\n<meta property=\"og:site_name\" content=\"JO YANA\" \/>\n<meta property=\"article:published_time\" content=\"2008-02-14T00:12:19+00:00\" \/>\n<meta property=\"og:image\" content=\"https:\/\/joyana.fr\/wp-content\/uploads\/2016\/08\/joyana-logo-black-360x180.png\" \/>\n\t<meta property=\"og:image:width\" content=\"360\" \/>\n\t<meta property=\"og:image:height\" content=\"180\" \/>\n\t<meta property=\"og:image:type\" content=\"image\/png\" \/>\n<meta name=\"author\" content=\"Jo Yana\" \/>\n<meta name=\"twitter:card\" content=\"summary_large_image\" \/>\n<meta name=\"twitter:creator\" content=\"@Jo_Yana\" \/>\n<meta name=\"twitter:site\" content=\"@Jo_Yana\" \/>\n<meta name=\"twitter:label1\" content=\"Written by\" \/>\n\t<meta name=\"twitter:data1\" content=\"Jo Yana\" \/>\n\t<meta name=\"twitter:label2\" content=\"Est. reading time\" \/>\n\t<meta name=\"twitter:data2\" content=\"1 minute\" \/>\n<script type=\"application\/ld+json\" class=\"yoast-schema-graph\">{\"@context\":\"https:\/\/schema.org\",\"@graph\":[{\"@type\":\"Article\",\"@id\":\"https:\/\/joyana.fr\/en\/sac-louis-vuitton-icone-bag-par-zaha-hadid\/100463\/#article\",\"isPartOf\":{\"@id\":\"https:\/\/joyana.fr\/en\/sac-louis-vuitton-icone-bag-par-zaha-hadid\/100463\/\"},\"author\":{\"name\":\"Jo Yana\",\"@id\":\"https:\/\/joyana.fr\/#\/schema\/person\/cf2a1ad12a27c12c21801075bf37407c\"},\"headline\":\"Sac Louis Vuitton &quot;Icone Bag&quot; par Zaha HADID\",\"datePublished\":\"2008-02-14T00:12:19+00:00\",\"mainEntityOfPage\":{\"@id\":\"https:\/\/joyana.fr\/en\/sac-louis-vuitton-icone-bag-par-zaha-hadid\/100463\/\"},\"wordCount\":174,\"commentCount\":2,\"publisher\":{\"@id\":\"https:\/\/joyana.fr\/#\/schema\/person\/cf2a1ad12a27c12c21801075bf37407c\"},\"image\":{\"@id\":\"https:\/\/joyana.fr\/en\/sac-louis-vuitton-icone-bag-par-zaha-hadid\/100463\/#primaryimage\"},\"thumbnailUrl\":\"https:\/\/i0.wp.com\/www.joyana.fr\/wp-content\/uploads\/2016\/08\/joyana-logo-black-360x180.png?fit=360%2C180&ssl=1\",\"keywords\":[\"Zaha HADID\"],\"articleSection\":[\"DECO-DESIGN\",\"Designer\",\"Mode\"],\"inLanguage\":\"en-US\",\"potentialAction\":[{\"@type\":\"CommentAction\",\"name\":\"Comment\",\"target\":[\"https:\/\/joyana.fr\/en\/sac-louis-vuitton-icone-bag-par-zaha-hadid\/100463\/#respond\"]}]},{\"@type\":\"WebPage\",\"@id\":\"https:\/\/joyana.fr\/en\/sac-louis-vuitton-icone-bag-par-zaha-hadid\/100463\/\",\"url\":\"https:\/\/joyana.fr\/en\/sac-louis-vuitton-icone-bag-par-zaha-hadid\/100463\/\",\"name\":\"Sac Louis Vuitton &quot;Icone Bag&quot; par Zaha HADID - JO YANA\",\"isPartOf\":{\"@id\":\"https:\/\/joyana.fr\/#website\"},\"primaryImageOfPage\":{\"@id\":\"https:\/\/joyana.fr\/en\/sac-louis-vuitton-icone-bag-par-zaha-hadid\/100463\/#primaryimage\"},\"image\":{\"@id\":\"https:\/\/joyana.fr\/en\/sac-louis-vuitton-icone-bag-par-zaha-hadid\/100463\/#primaryimage\"},\"thumbnailUrl\":\"https:\/\/i0.wp.com\/www.joyana.fr\/wp-content\/uploads\/2016\/08\/joyana-logo-black-360x180.png?fit=360%2C180&ssl=1\",\"datePublished\":\"2008-02-14T00:12:19+00:00\",\"breadcrumb\":{\"@id\":\"https:\/\/joyana.fr\/en\/sac-louis-vuitton-icone-bag-par-zaha-hadid\/100463\/#breadcrumb\"},\"inLanguage\":\"en-US\",\"potentialAction\":[{\"@type\":\"ReadAction\",\"target\":[\"https:\/\/joyana.fr\/en\/sac-louis-vuitton-icone-bag-par-zaha-hadid\/100463\/\"]}]},{\"@type\":\"ImageObject\",\"inLanguage\":\"en-US\",\"@id\":\"https:\/\/joyana.fr\/en\/sac-louis-vuitton-icone-bag-par-zaha-hadid\/100463\/#primaryimage\",\"url\":\"https:\/\/i0.wp.com\/www.joyana.fr\/wp-content\/uploads\/2016\/08\/joyana-logo-black-360x180.png?fit=360%2C180&ssl=1\",\"contentUrl\":\"https:\/\/i0.wp.com\/www.joyana.fr\/wp-content\/uploads\/2016\/08\/joyana-logo-black-360x180.png?fit=360%2C180&ssl=1\",\"width\":360,\"height\":180,\"caption\":\"logo joyana.fr\"},{\"@type\":\"BreadcrumbList\",\"@id\":\"https:\/\/joyana.fr\/en\/sac-louis-vuitton-icone-bag-par-zaha-hadid\/100463\/#breadcrumb\",\"itemListElement\":[{\"@type\":\"ListItem\",\"position\":1,\"name\":\"Accueil\",\"item\":\"https:\/\/joyana.fr\/\"},{\"@type\":\"ListItem\",\"position\":2,\"name\":\"Sac Louis Vuitton &quot;Icone Bag&quot; par Zaha HADID\"}]},{\"@type\":\"WebSite\",\"@id\":\"https:\/\/joyana.fr\/#website\",\"url\":\"https:\/\/joyana.fr\/\",\"name\":\"JO YANA\",\"description\":\"Blog Mode Homme, Lifestyle, D\u00e9co-Design\",\"publisher\":{\"@id\":\"https:\/\/joyana.fr\/#\/schema\/person\/cf2a1ad12a27c12c21801075bf37407c\"},\"potentialAction\":[{\"@type\":\"SearchAction\",\"target\":{\"@type\":\"EntryPoint\",\"urlTemplate\":\"https:\/\/joyana.fr\/?s={search_term_string}\"},\"query-input\":{\"@type\":\"PropertyValueSpecification\",\"valueRequired\":true,\"valueName\":\"search_term_string\"}}],\"inLanguage\":\"en-US\"},{\"@type\":[\"Person\",\"Organization\"],\"@id\":\"https:\/\/joyana.fr\/#\/schema\/person\/cf2a1ad12a27c12c21801075bf37407c\",\"name\":\"Jo Yana\",\"image\":{\"@type\":\"ImageObject\",\"inLanguage\":\"en-US\",\"@id\":\"https:\/\/joyana.fr\/#\/schema\/person\/image\/\",\"url\":\"https:\/\/i0.wp.com\/www.joyana.fr\/wp-content\/uploads\/2016\/08\/cropped-joyana-logo-black-360x180.png?fit=343%2C164&ssl=1\",\"contentUrl\":\"https:\/\/i0.wp.com\/www.joyana.fr\/wp-content\/uploads\/2016\/08\/cropped-joyana-logo-black-360x180.png?fit=343%2C164&ssl=1\",\"width\":343,\"height\":164,\"caption\":\"Jo Yana\"},\"logo\":{\"@id\":\"https:\/\/joyana.fr\/#\/schema\/person\/image\/\"},\"description\":\"Jo Yana est le cr\u00e9ateur et r\u00e9dacteur en chef des sites DECO-DESIGN. Passionn\u00e9 de Design, Mode, Photo, Luxe, Lifestyle, Musique, mais avant tout Blogueur ! Le plaisir de partager l'anime et a comme devise \\\"POUR L'AMOUR DU BEAU\\\". Retrouvez le aussi sur son blog personnel - https:\/\/joyana.fr...\",\"sameAs\":[\"https:\/\/joyana.fr\/\"],\"url\":\"https:\/\/www.joyana.fr\/en\/author\/joyana\/\"}]}<\/script>\n<!-- \/ Yoast SEO plugin. -->","yoast_head_json":{"title":"Sac Louis Vuitton &quot;Icone Bag&quot; par Zaha HADID - JO YANA","robots":{"index":"index","follow":"follow","max-snippet":"max-snippet:-1","max-image-preview":"max-image-preview:large","max-video-preview":"max-video-preview:-1"},"canonical":"https:\/\/joyana.fr\/en\/sac-louis-vuitton-icone-bag-par-zaha-hadid\/100463\/","og_locale":"en_US","og_type":"article","og_title":"Sac Louis Vuitton &quot;Icone Bag&quot; par Zaha HADID - JO YANA","og_description":"Le Bucket de Louis Vuitton sac de l\u00e9gende sorti en 1968, est revisit\u00e9 par Zaha Hadid, le &#8220;Icone Bag&#8221; est expos\u00e9 en 2006 \u00e0 l\u2019espace Louis Vuitton. Louis Vuitton a invit\u00e9 neuf exceptionnels talents cr\u00e9ateurs,artistes, architectes et designers pour c\u00e9l\u00e9brer neuf sacs iconiques, dans une exposition qui s\u2019est d\u00e9roul\u00e9 du 15 septembre au d\u00e9cembre 31, [&hellip;]","og_url":"https:\/\/www.joyana.fr\/en\/sac-louis-vuitton-icone-bag-par-zaha-hadid\/100463\/","og_site_name":"JO YANA","article_published_time":"2008-02-14T00:12:19+00:00","og_image":[{"width":360,"height":180,"url":"https:\/\/joyana.fr\/wp-content\/uploads\/2016\/08\/joyana-logo-black-360x180.png","type":"image\/png"}],"author":"Jo Yana","twitter_card":"summary_large_image","twitter_creator":"@Jo_Yana","twitter_site":"@Jo_Yana","twitter_misc":{"Written by":"Jo Yana","Est. reading time":"1 minute"},"schema":{"@context":"https:\/\/schema.org","@graph":[{"@type":"Article","@id":"https:\/\/joyana.fr\/en\/sac-louis-vuitton-icone-bag-par-zaha-hadid\/100463\/#article","isPartOf":{"@id":"https:\/\/joyana.fr\/en\/sac-louis-vuitton-icone-bag-par-zaha-hadid\/100463\/"},"author":{"name":"Jo Yana","@id":"https:\/\/joyana.fr\/#\/schema\/person\/cf2a1ad12a27c12c21801075bf37407c"},"headline":"Sac Louis Vuitton &quot;Icone Bag&quot; par Zaha HADID","datePublished":"2008-02-14T00:12:19+00:00","mainEntityOfPage":{"@id":"https:\/\/joyana.fr\/en\/sac-louis-vuitton-icone-bag-par-zaha-hadid\/100463\/"},"wordCount":174,"commentCount":2,"publisher":{"@id":"https:\/\/joyana.fr\/#\/schema\/person\/cf2a1ad12a27c12c21801075bf37407c"},"image":{"@id":"https:\/\/joyana.fr\/en\/sac-louis-vuitton-icone-bag-par-zaha-hadid\/100463\/#primaryimage"},"thumbnailUrl":"https:\/\/i0.wp.com\/www.joyana.fr\/wp-content\/uploads\/2016\/08\/joyana-logo-black-360x180.png?fit=360%2C180&ssl=1","keywords":["Zaha HADID"],"articleSection":["DECO-DESIGN","Designer","Mode"],"inLanguage":"en-US","potentialAction":[{"@type":"CommentAction","name":"Comment","target":["https:\/\/joyana.fr\/en\/sac-louis-vuitton-icone-bag-par-zaha-hadid\/100463\/#respond"]}]},{"@type":"WebPage","@id":"https:\/\/joyana.fr\/en\/sac-louis-vuitton-icone-bag-par-zaha-hadid\/100463\/","url":"https:\/\/joyana.fr\/en\/sac-louis-vuitton-icone-bag-par-zaha-hadid\/100463\/","name":"Sac Louis Vuitton &quot;Icone Bag&quot; par Zaha HADID - JO YANA","isPartOf":{"@id":"https:\/\/joyana.fr\/#website"},"primaryImageOfPage":{"@id":"https:\/\/joyana.fr\/en\/sac-louis-vuitton-icone-bag-par-zaha-hadid\/100463\/#primaryimage"},"image":{"@id":"https:\/\/joyana.fr\/en\/sac-louis-vuitton-icone-bag-par-zaha-hadid\/100463\/#primaryimage"},"thumbnailUrl":"https:\/\/i0.wp.com\/www.joyana.fr\/wp-content\/uploads\/2016\/08\/joyana-logo-black-360x180.png?fit=360%2C180&ssl=1","datePublished":"2008-02-14T00:12:19+00:00","breadcrumb":{"@id":"https:\/\/joyana.fr\/en\/sac-louis-vuitton-icone-bag-par-zaha-hadid\/100463\/#breadcrumb"},"inLanguage":"en-US","potentialAction":[{"@type":"ReadAction","target":["https:\/\/joyana.fr\/en\/sac-louis-vuitton-icone-bag-par-zaha-hadid\/100463\/"]}]},{"@type":"ImageObject","inLanguage":"en-US","@id":"https:\/\/joyana.fr\/en\/sac-louis-vuitton-icone-bag-par-zaha-hadid\/100463\/#primaryimage","url":"https:\/\/i0.wp.com\/www.joyana.fr\/wp-content\/uploads\/2016\/08\/joyana-logo-black-360x180.png?fit=360%2C180&ssl=1","contentUrl":"https:\/\/i0.wp.com\/www.joyana.fr\/wp-content\/uploads\/2016\/08\/joyana-logo-black-360x180.png?fit=360%2C180&ssl=1","width":360,"height":180,"caption":"logo joyana.fr"},{"@type":"BreadcrumbList","@id":"https:\/\/joyana.fr\/en\/sac-louis-vuitton-icone-bag-par-zaha-hadid\/100463\/#breadcrumb","itemListElement":[{"@type":"ListItem","position":1,"name":"Accueil","item":"https:\/\/joyana.fr\/"},{"@type":"ListItem","position":2,"name":"Sac Louis Vuitton &quot;Icone Bag&quot; par Zaha HADID"}]},{"@type":"WebSite","@id":"https:\/\/joyana.fr\/#website","url":"https:\/\/joyana.fr\/","name":"JO YANA","description":"Blog Mode Homme, Lifestyle, D\u00e9co-Design","publisher":{"@id":"https:\/\/joyana.fr\/#\/schema\/person\/cf2a1ad12a27c12c21801075bf37407c"},"potentialAction":[{"@type":"SearchAction","target":{"@type":"EntryPoint","urlTemplate":"https:\/\/joyana.fr\/?s={search_term_string}"},"query-input":{"@type":"PropertyValueSpecification","valueRequired":true,"valueName":"search_term_string"}}],"inLanguage":"en-US"},{"@type":["Person","Organization"],"@id":"https:\/\/joyana.fr\/#\/schema\/person\/cf2a1ad12a27c12c21801075bf37407c","name":"Jo Yana","image":{"@type":"ImageObject","inLanguage":"en-US","@id":"https:\/\/joyana.fr\/#\/schema\/person\/image\/","url":"https:\/\/i0.wp.com\/www.joyana.fr\/wp-content\/uploads\/2016\/08\/cropped-joyana-logo-black-360x180.png?fit=343%2C164&ssl=1","contentUrl":"https:\/\/i0.wp.com\/www.joyana.fr\/wp-content\/uploads\/2016\/08\/cropped-joyana-logo-black-360x180.png?fit=343%2C164&ssl=1","width":343,"height":164,"caption":"Jo Yana"},"logo":{"@id":"https:\/\/joyana.fr\/#\/schema\/person\/image\/"},"description":"Jo Yana est le cr\u00e9ateur et r\u00e9dacteur en chef des sites DECO-DESIGN. Passionn\u00e9 de Design, Mode, Photo, Luxe, Lifestyle, Musique, mais avant tout Blogueur ! Le plaisir de partager l'anime et a comme devise \"POUR L'AMOUR DU BEAU\". Retrouvez le aussi sur son blog personnel - https:\/\/joyana.fr...","sameAs":["https:\/\/joyana.fr\/"],"url":"https:\/\/www.joyana.fr\/en\/author\/joyana\/"}]}},"author_meta":{"display_name":"Jo Yana","author_link":"https:\/\/www.joyana.fr\/en\/author\/joyana\/"},"featured_img":"https:\/\/i0.wp.com\/www.joyana.fr\/wp-content\/uploads\/2016\/08\/joyana-logo-black-360x180.png?fit=360%2C180&ssl=1","featured_image_src":"https:\/\/i0.wp.com\/www.joyana.fr\/wp-content\/uploads\/2016\/08\/joyana-logo-black-360x180.png?resize=360%2C180&ssl=1","featured_image_src_square":"https:\/\/i0.wp.com\/www.joyana.fr\/wp-content\/uploads\/2016\/08\/joyana-logo-black-360x180.png?resize=360%2C180&ssl=1","jetpack_featured_media_url":"https:\/\/i0.wp.com\/www.joyana.fr\/wp-content\/uploads\/2016\/08\/joyana-logo-black-360x180.png?fit=360%2C180&ssl=1","uagb_featured_image_src":{"full":["https:\/\/i0.wp.com\/www.joyana.fr\/wp-content\/uploads\/2016\/08\/joyana-logo-black-360x180.png?fit=360%2C180&ssl=1",360,180,false],"thumbnail":["https:\/\/i0.wp.com\/www.joyana.fr\/wp-content\/uploads\/2016\/08\/joyana-logo-black-360x180.png?resize=150%2C150&ssl=1",150,150,true],"medium":["https:\/\/i0.wp.com\/www.joyana.fr\/wp-content\/uploads\/2016\/08\/joyana-logo-black-360x180.png?fit=360%2C180&ssl=1",360,180,true],"medium_large":["https:\/\/i0.wp.com\/www.joyana.fr\/wp-content\/uploads\/2016\/08\/joyana-logo-black-360x180.png?fit=360%2C180&ssl=1",360,180,true],"large":["https:\/\/i0.wp.com\/www.joyana.fr\/wp-content\/uploads\/2016\/08\/joyana-logo-black-360x180.png?fit=360%2C180&ssl=1",360,180,true],"1536x1536":["https:\/\/i0.wp.com\/www.joyana.fr\/wp-content\/uploads\/2016\/08\/joyana-logo-black-360x180.png?fit=360%2C180&ssl=1",360,180,true],"2048x2048":["https:\/\/i0.wp.com\/www.joyana.fr\/wp-content\/uploads\/2016\/08\/joyana-logo-black-360x180.png?fit=360%2C180&ssl=1",360,180,true],"featured-thumb":["https:\/\/i0.wp.com\/www.joyana.fr\/wp-content\/uploads\/2016\/08\/joyana-logo-black-360x180.png?resize=360%2C180&ssl=1",360,180,true],"ab-block-post-grid-landscape":["https:\/\/i0.wp.com\/www.joyana.fr\/wp-content\/uploads\/2016\/08\/joyana-logo-black-360x180.png?resize=360%2C180&ssl=1",360,180,true],"ab-block-post-grid-square":["https:\/\/i0.wp.com\/www.joyana.fr\/wp-content\/uploads\/2016\/08\/joyana-logo-black-360x180.png?resize=360%2C180&ssl=1",360,180,true],"author-pro-image":["https:\/\/i0.wp.com\/www.joyana.fr\/wp-content\/uploads\/2016\/08\/joyana-logo-black-360x180.png?resize=360%2C180&ssl=1",360,180,true],"slider":["https:\/\/i0.wp.com\/www.joyana.fr\/wp-content\/uploads\/2016\/08\/joyana-logo-black-360x180.png?resize=360%2C180&ssl=1",360,180,true],"woocommerce_thumbnail":["https:\/\/i0.wp.com\/www.joyana.fr\/wp-content\/uploads\/2016\/08\/joyana-logo-black-360x180.png?resize=300%2C180&ssl=1",300,180,true],"woocommerce_single":["https:\/\/i0.wp.com\/www.joyana.fr\/wp-content\/uploads\/2016\/08\/joyana-logo-black-360x180.png?fit=360%2C180&ssl=1",360,180,true],"woocommerce_gallery_thumbnail":["https:\/\/i0.wp.com\/www.joyana.fr\/wp-content\/uploads\/2016\/08\/joyana-logo-black-360x180.png?resize=180%2C180&ssl=1",180,180,true],"sow-carousel-default":["https:\/\/i0.wp.com\/www.joyana.fr\/wp-content\/uploads\/2016\/08\/joyana-logo-black-360x180.png?resize=272%2C180&ssl=1",272,180,true]},"uagb_author_info":{"display_name":"Jo Yana","author_link":"https:\/\/www.joyana.fr\/en\/author\/joyana\/"},"uagb_comment_info":2,"uagb_excerpt":"Le Bucket de Louis Vuitton sac de l\u00e9gende sorti en 1968, est revisit\u00e9 par Zaha Hadid, le &#8220;Icone Bag&#8221; est expos\u00e9 en 2006 \u00e0 l\u2019espace Louis Vuitton. Louis Vuitton a invit\u00e9 neuf exceptionnels talents cr\u00e9ateurs,artistes, architectes et designers pour c\u00e9l\u00e9brer neuf sacs iconiques, dans une exposition qui s\u2019est d\u00e9roul\u00e9 du 15 septembre au d\u00e9cembre 31,&hellip;","coauthors":[],"tax_additional":{"categories":{"linked":["<a href=\"https:\/\/www.joyana.fr\/en\/category\/deco-design\/\" class=\"advgb-post-tax-term\">DECO-DESIGN<\/a>","<a href=\"https:\/\/www.joyana.fr\/en\/category\/deco-design\/designer\/\" class=\"advgb-post-tax-term\">Designer<\/a>","<a href=\"https:\/\/www.joyana.fr\/en\/category\/deco-design\/actualite\/mode\/\" class=\"advgb-post-tax-term\">Mode<\/a>"],"unlinked":["<span class=\"advgb-post-tax-term\">DECO-DESIGN<\/span>","<span class=\"advgb-post-tax-term\">Designer<\/span>","<span class=\"advgb-post-tax-term\">Mode<\/span>"]},"tags":{"linked":["<a href=\"https:\/\/www.joyana.fr\/en\/category\/deco-design\/actualite\/mode\/\" class=\"advgb-post-tax-term\">Zaha HADID<\/a>"],"unlinked":["<span class=\"advgb-post-tax-term\">Zaha HADID<\/span>"]}},"comment_count":2,"relative_dates":{"created":"Posted 18 years ago","modified":"Updated 18 years ago"},"absolute_dates":{"created":"Posted on 14 February 2008","modified":"Updated on 14 February 2008"},"absolute_dates_time":{"created":"Posted on 14 February 2008 1:12","modified":"Updated on 14 February 2008 1:12"},"featured_img_caption":"","series_order":"","jetpack_sharing_enabled":true,"jetpack_shortlink":"https:\/\/wp.me\/p9bteI-q8n","jetpack-related-posts":[],"_links":{"self":[{"href":"https:\/\/www.joyana.fr\/en\/wp-json\/wp\/v2\/posts\/100463","targetHints":{"allow":["GET"]}}],"collection":[{"href":"https:\/\/www.joyana.fr\/en\/wp-json\/wp\/v2\/posts"}],"about":[{"href":"https:\/\/www.joyana.fr\/en\/wp-json\/wp\/v2\/types\/post"}],"author":[{"embeddable":true,"href":"https:\/\/www.joyana.fr\/en\/wp-json\/wp\/v2\/users\/3"}],"replies":[{"embeddable":true,"href":"https:\/\/www.joyana.fr\/en\/wp-json\/wp\/v2\/comments?post=100463"}],"version-history":[{"count":0,"href":"https:\/\/www.joyana.fr\/en\/wp-json\/wp\/v2\/posts\/100463\/revisions"}],"wp:featuredmedia":[{"embeddable":true,"href":"https:\/\/www.joyana.fr\/en\/wp-json\/wp\/v2\/media\/124300"}],"wp:attachment":[{"href":"https:\/\/www.joyana.fr\/en\/wp-json\/wp\/v2\/media?parent=100463"}],"wp:term":[{"taxonomy":"category","embeddable":true,"href":"https:\/\/www.joyana.fr\/en\/wp-json\/wp\/v2\/categories?post=100463"},{"taxonomy":"post_tag","embeddable":true,"href":"https:\/\/www.joyana.fr\/en\/wp-json\/wp\/v2\/tags?post=100463"}],"curies":[{"name":"wp","href":"https:\/\/api.w.org\/{rel}","templated":true}]}}