{"id":100064,"date":"2007-12-10T06:44:36","date_gmt":"2007-12-10T05:44:36","guid":{"rendered":"https:\/\/joyana.fr\/les-sacs-freitag-par-daniel-markus-freitag\/"},"modified":"2007-12-10T06:44:36","modified_gmt":"2007-12-10T05:44:36","slug":"les-sacs-freitag-par-daniel-markus-freitag","status":"publish","type":"post","link":"https:\/\/www.joyana.fr\/en\/les-sacs-freitag-par-daniel-markus-freitag\/100064\/","title":{"rendered":"Les sacs Freitag par Daniel &amp; Markus FREITAG"},"content":{"rendered":"<p>En une d\u00e9cennie seulement, les sacs <a href=\"http:\/\/www.freitag.ch\" target=\"_blank\">Freitag<\/a> sont pass\u00e9s de l\u2019objet-culte au classique incontournable. En 1993, Markus Freitag, n\u00e9 en 1970, et son fr\u00e8re Daniel, son cadet de 15 mois, se lancent dans la conception d\u2019un sac. Ce doit \u00eatre un sac de ville, &#8220;cool&#8221; comme les sacs en bandouli\u00e8re des coursiers \u00e0 v\u00e9lo de New-York, mais \u00e9galement solide et fonctionnel. Les deux fr\u00e8res sont fascin\u00e9s par les mat\u00e9riaux recycl\u00e9s: chambre \u00e0 air de v\u00e9lo, ceinture de s\u00e9curit\u00e9 et b\u00e2che de camion&#8230;<\/p>\n<p><img data-recalc-dims=\"1\" fetchpriority=\"high\" decoding=\"async\" height=\"360\" alt=\"FREITAG TETE\" hspace=\"8\" src=\"https:\/\/i0.wp.com\/joyana.fr\/wp-content\/uploads\/FREITAG%2520TETE.jpg?resize=500%2C360&#038;ssl=1\" width=\"500\" align=\"top\" border=\"0\" \/><\/p>\n<p><a href=\"http:\/\/deco-design.fr-bb.com\/profile.forum?mode=viewprofile&#038;u=1530\" target=\"_blank\">Jzukz<\/a><\/p>\n<p>Autant de mat\u00e9riaux qui donnent naissance au prototype du sac Freitag. Ils r\u00e9alisent et cousent eux-m\u00eames les 700 premiers exemplaires \u00e0 l\u2019aide d\u2019une machine \u00e0 coudre. C\u2019est ainsi qu\u2019est n\u00e9e la l\u00e9gende du produit qui a fait du nom Freitag le symbole du nouveau Zurich branch\u00e9 des ann\u00e9es 1990.<br \/>\nDouze ans plus tard, le sac original Freitag figure dans la collection design du Mus\u00e9e d\u2019art moderne de New-York et plus d\u2019un demi-million de sacs ont \u00e9t\u00e9 vendus. Jusqu\u2019en 2002, la soci\u00e9t\u00e9 a doubl\u00e9 son chiffre d\u2019affaires chaque ann\u00e9e. Depuis, elle conna\u00eet une croissance annuelle de vingt pour cent. Aujourd\u2019hui, les deux fr\u00e8res emploient 43 salari\u00e9s, et un g\u00e9rant. Le si\u00e8ge de la soci\u00e9t\u00e9 Freitag est situ\u00e9 dans un hangar industriel de Zurich et occupe une surface de 2500 m2 tandis que cinq sites de productions en Europe assemblent et cousent les b\u00e2ches d\u00e9coup\u00e9es \u00e0 la main.<\/p>\n<p><img data-recalc-dims=\"1\" decoding=\"async\" height=\"365\" alt=\"FREITAGCAMION\" hspace=\"8\" src=\"https:\/\/i0.wp.com\/joyana.fr\/wp-content\/uploads\/FREITAGCAMION.jpg?resize=500%2C365&#038;ssl=1\" width=\"500\" align=\"top\" border=\"0\" \/><\/p>\n<p>Durant l\u2019automne 2001, les deux fr\u00e8res ont ouvert \u00e0 Hambourg le premier magasin Freitag sur le sol europ\u00e9en. La gamme de mod\u00e8les s\u2019\u00e9tend d\u00e9sormais des classiques &#8220;Dragnet&#8221; et &#8220;Topcat&#8221; \u00e0 la ligne de nouvelles sacoches pour hommes &#8220;Derrick&#8221;. Les copies existent en masse. Mais, selon Markus Freitag, la plupart des imitateurs auraient mal compris la philosophie Freitag qui se fonde sur la durabilit\u00e9 des produits fabriqu\u00e9s. Les d\u00e9chets de mat\u00e9riaux de la rue retournent de nouveau \u00e0 la rue apr\u00e8s avoir \u00e9t\u00e9 trait\u00e9s et transform\u00e9s. Mais ceci ne signifie pas que Freitag soit un &#8220;label \u00e9cologique&#8221;. &#8220;Nous pouvons parfaitement imaginer r\u00e9aliser \u00e9galement un produit de qualit\u00e9 dans des mat\u00e9riaux neufs, dans la mesure o\u00f9 ils sont recyclables. Nous ne sommes pas contre la soci\u00e9t\u00e9 du jetable, mais pour les articles jetables non dommageables pour l\u2019environnement.&#8221; A l\u2019\u00e9tranger, comme en Suisse, le sac Freitag est consid\u00e9r\u00e9 comme un produit de niche pr\u00e9cieux, adopt\u00e9 par les designers, architectes, graphistes, artistes&#8230; et dans le milieu de la mode. A Milan, il tr\u00f4ne par exemple dans la boutique de luxe Corso Como 10, au milieu de co\u00fbteuses cr\u00e9ations de haute couture.<\/p>\n<p><img data-recalc-dims=\"1\" decoding=\"async\" height=\"365\" alt=\"FREITAGCOUTURE\" hspace=\"8\" src=\"https:\/\/i0.wp.com\/joyana.fr\/wp-content\/uploads\/FREITAGCOUTURE.jpg?resize=500%2C365&#038;ssl=1\" width=\"500\" align=\"top\" border=\"0\" \/><\/p>\n<p>En m\u00eame temps, les fr\u00e8res Freitag perfectionnent r\u00e9guli\u00e8rement leur objet f\u00e9tiche: aujourd\u2019hui, l\u2019emballage du sac peut \u00eatre empil\u00e9 et servir de tiroir dans lequel est vendu la sacoche, ou peut encore \u00eatre transform\u00e9 en une t\u00e9l\u00e9vision en carton &#8211; un clin d\u2019oeil des Freitag pour pousser leur credo du recyclage jusqu\u2019\u00e0 l\u2019absurde. Mais avant tout, les fr\u00e8res r\u00eavent de la prochaine \u00e9tape qui les lancera vers de nouveaux sommets.<br \/>\nIl n\u2019existe jamais 2 fois le m\u00eame sac Freitag, car chaque b\u00e2che (couleur, motif&#8230;) et chaque d\u00e9coupe est diff\u00e9rente&#8230; On peut \u00e9galement cr\u00e9er notre propre sac Freitag en choisissant la b\u00e2che, sur leur excellent site <a href=\"http:\/\/www.freitag.ch\" target=\"_blank\">www.freitag.ch<\/a><br \/>\nIl existe plusieurs mod\u00e8les de sacoches, ainsi que des porte-monnaie&#8230;<\/p>\n<p><img data-recalc-dims=\"1\" loading=\"lazy\" decoding=\"async\" height=\"365\" alt=\"FREITAG3\" hspace=\"8\" src=\"https:\/\/i0.wp.com\/joyana.fr\/wp-content\/uploads\/FREITAG3.jpg?resize=500%2C365&#038;ssl=1\" width=\"500\" align=\"top\" border=\"0\" \/><\/p>\n","protected":false},"excerpt":{"rendered":"<p>En une d\u00e9cennie seulement, les sacs Freitag sont pass\u00e9s de l\u2019objet-culte au classique incontournable. En 1993, Markus Freitag, n\u00e9 en 1970, et son fr\u00e8re Daniel, son cadet de 15 mois, se lancent dans la conception d\u2019un sac. Ce doit \u00eatre un sac de ville, &#8220;cool&#8221; comme les sacs en bandouli\u00e8re des coursiers \u00e0 v\u00e9lo de [&hellip;]<\/p>\n","protected":false},"author":3,"featured_media":124300,"comment_status":"open","ping_status":"open","sticky":false,"template":"","format":"standard","meta":{"_coblocks_attr":"","_coblocks_dimensions":"","_coblocks_responsive_height":"","_coblocks_accordion_ie_support":"","_uag_custom_page_level_css":"","advgb_blocks_editor_width":"","advgb_blocks_columns_visual_guide":"","_genesis_hide_title":false,"_genesis_hide_breadcrumbs":false,"_genesis_hide_singular_image":false,"_genesis_hide_footer_widgets":false,"_genesis_custom_body_class":"","_genesis_custom_post_class":"","_genesis_layout":"","_themeisle_gutenberg_block_has_review":false,"_jetpack_newsletter_access":"","_jetpack_dont_email_post_to_subs":false,"_jetpack_newsletter_tier_id":0,"_jetpack_memberships_contains_paywalled_content":false,"_jetpack_memberships_contains_paid_content":false,"footnotes":""},"categories":[905,2124],"tags":[920],"class_list":{"0":"post-100064","1":"post","2":"type-post","3":"status-publish","4":"format-standard","5":"has-post-thumbnail","7":"category-deco-design","8":"category-mode","9":"tag-artiste","10":"entry"},"featured_image_urls":{"full":["https:\/\/i0.wp.com\/www.joyana.fr\/wp-content\/uploads\/2016\/08\/joyana-logo-black-360x180.png?fit=360%2C180&ssl=1",360,180,false],"thumbnail":["https:\/\/i0.wp.com\/www.joyana.fr\/wp-content\/uploads\/2016\/08\/joyana-logo-black-360x180.png?resize=150%2C150&ssl=1",150,150,true],"medium":["https:\/\/i0.wp.com\/www.joyana.fr\/wp-content\/uploads\/2016\/08\/joyana-logo-black-360x180.png?fit=360%2C180&ssl=1",360,180,true],"medium_large":["https:\/\/i0.wp.com\/www.joyana.fr\/wp-content\/uploads\/2016\/08\/joyana-logo-black-360x180.png?fit=360%2C180&ssl=1",360,180,true],"large":["https:\/\/i0.wp.com\/www.joyana.fr\/wp-content\/uploads\/2016\/08\/joyana-logo-black-360x180.png?fit=360%2C180&ssl=1",360,180,true],"1536x1536":["https:\/\/i0.wp.com\/www.joyana.fr\/wp-content\/uploads\/2016\/08\/joyana-logo-black-360x180.png?fit=360%2C180&ssl=1",360,180,true],"2048x2048":["https:\/\/i0.wp.com\/www.joyana.fr\/wp-content\/uploads\/2016\/08\/joyana-logo-black-360x180.png?fit=360%2C180&ssl=1",360,180,true],"featured-thumb":["https:\/\/i0.wp.com\/www.joyana.fr\/wp-content\/uploads\/2016\/08\/joyana-logo-black-360x180.png?resize=360%2C180&ssl=1",360,180,true],"ab-block-post-grid-landscape":["https:\/\/i0.wp.com\/www.joyana.fr\/wp-content\/uploads\/2016\/08\/joyana-logo-black-360x180.png?resize=360%2C180&ssl=1",360,180,true],"ab-block-post-grid-square":["https:\/\/i0.wp.com\/www.joyana.fr\/wp-content\/uploads\/2016\/08\/joyana-logo-black-360x180.png?resize=360%2C180&ssl=1",360,180,true],"author-pro-image":["https:\/\/i0.wp.com\/www.joyana.fr\/wp-content\/uploads\/2016\/08\/joyana-logo-black-360x180.png?resize=360%2C180&ssl=1",360,180,true],"slider":["https:\/\/i0.wp.com\/www.joyana.fr\/wp-content\/uploads\/2016\/08\/joyana-logo-black-360x180.png?resize=360%2C180&ssl=1",360,180,true],"woocommerce_thumbnail":["https:\/\/i0.wp.com\/www.joyana.fr\/wp-content\/uploads\/2016\/08\/joyana-logo-black-360x180.png?resize=300%2C180&ssl=1",300,180,true],"woocommerce_single":["https:\/\/i0.wp.com\/www.joyana.fr\/wp-content\/uploads\/2016\/08\/joyana-logo-black-360x180.png?fit=360%2C180&ssl=1",360,180,true],"woocommerce_gallery_thumbnail":["https:\/\/i0.wp.com\/www.joyana.fr\/wp-content\/uploads\/2016\/08\/joyana-logo-black-360x180.png?resize=180%2C180&ssl=1",180,180,true],"sow-carousel-default":["https:\/\/i0.wp.com\/www.joyana.fr\/wp-content\/uploads\/2016\/08\/joyana-logo-black-360x180.png?resize=272%2C180&ssl=1",272,180,true]},"post_excerpt_stackable":"<p>En une d\u00e9cennie seulement, les sacs Freitag sont pass\u00e9s de l\u2019objet-culte au classique incontournable. En 1993, Markus Freitag, n\u00e9 en 1970, et son fr\u00e8re Daniel, son cadet de 15 mois, se lancent dans la conception d\u2019un sac. Ce doit \u00eatre un sac de ville, &#8220;cool&#8221; comme les sacs en bandouli\u00e8re des coursiers \u00e0 v\u00e9lo de New-York, mais \u00e9galement solide et fonctionnel. Les deux fr\u00e8res sont fascin\u00e9s par les mat\u00e9riaux recycl\u00e9s: chambre \u00e0 air de v\u00e9lo, ceinture de s\u00e9curit\u00e9 et b\u00e2che de camion&#8230; Jzukz Autant de mat\u00e9riaux qui donnent naissance au prototype du sac Freitag. Ils r\u00e9alisent et cousent eux-m\u00eames les&hellip;<\/p>\n","category_list":"<a href=\"https:\/\/www.joyana.fr\/en\/category\/deco-design\/\" rel=\"category tag\">DECO-DESIGN<\/a>, <a href=\"https:\/\/www.joyana.fr\/en\/category\/deco-design\/actualite\/mode\/\" rel=\"category tag\">Mode<\/a>","author_info":{"display_name":"Jo Yana","author_link":"https:\/\/www.joyana.fr\/en\/author\/joyana\/"},"comments_num":"29 comments","featured_image_urls_v2":{"full":["https:\/\/i0.wp.com\/www.joyana.fr\/wp-content\/uploads\/2016\/08\/joyana-logo-black-360x180.png?fit=360%2C180&ssl=1",360,180,false],"thumbnail":["https:\/\/i0.wp.com\/www.joyana.fr\/wp-content\/uploads\/2016\/08\/joyana-logo-black-360x180.png?resize=150%2C150&ssl=1",150,150,true],"medium":["https:\/\/i0.wp.com\/www.joyana.fr\/wp-content\/uploads\/2016\/08\/joyana-logo-black-360x180.png?fit=360%2C180&ssl=1",360,180,true],"medium_large":["https:\/\/i0.wp.com\/www.joyana.fr\/wp-content\/uploads\/2016\/08\/joyana-logo-black-360x180.png?fit=360%2C180&ssl=1",360,180,true],"large":["https:\/\/i0.wp.com\/www.joyana.fr\/wp-content\/uploads\/2016\/08\/joyana-logo-black-360x180.png?fit=360%2C180&ssl=1",360,180,true],"1536x1536":["https:\/\/i0.wp.com\/www.joyana.fr\/wp-content\/uploads\/2016\/08\/joyana-logo-black-360x180.png?fit=360%2C180&ssl=1",360,180,true],"2048x2048":["https:\/\/i0.wp.com\/www.joyana.fr\/wp-content\/uploads\/2016\/08\/joyana-logo-black-360x180.png?fit=360%2C180&ssl=1",360,180,true],"featured-thumb":["https:\/\/i0.wp.com\/www.joyana.fr\/wp-content\/uploads\/2016\/08\/joyana-logo-black-360x180.png?resize=360%2C180&ssl=1",360,180,true],"ab-block-post-grid-landscape":["https:\/\/i0.wp.com\/www.joyana.fr\/wp-content\/uploads\/2016\/08\/joyana-logo-black-360x180.png?resize=360%2C180&ssl=1",360,180,true],"ab-block-post-grid-square":["https:\/\/i0.wp.com\/www.joyana.fr\/wp-content\/uploads\/2016\/08\/joyana-logo-black-360x180.png?resize=360%2C180&ssl=1",360,180,true],"author-pro-image":["https:\/\/i0.wp.com\/www.joyana.fr\/wp-content\/uploads\/2016\/08\/joyana-logo-black-360x180.png?resize=360%2C180&ssl=1",360,180,true],"slider":["https:\/\/i0.wp.com\/www.joyana.fr\/wp-content\/uploads\/2016\/08\/joyana-logo-black-360x180.png?resize=360%2C180&ssl=1",360,180,true],"woocommerce_thumbnail":["https:\/\/i0.wp.com\/www.joyana.fr\/wp-content\/uploads\/2016\/08\/joyana-logo-black-360x180.png?resize=300%2C180&ssl=1",300,180,true],"woocommerce_single":["https:\/\/i0.wp.com\/www.joyana.fr\/wp-content\/uploads\/2016\/08\/joyana-logo-black-360x180.png?fit=360%2C180&ssl=1",360,180,true],"woocommerce_gallery_thumbnail":["https:\/\/i0.wp.com\/www.joyana.fr\/wp-content\/uploads\/2016\/08\/joyana-logo-black-360x180.png?resize=180%2C180&ssl=1",180,180,true],"sow-carousel-default":["https:\/\/i0.wp.com\/www.joyana.fr\/wp-content\/uploads\/2016\/08\/joyana-logo-black-360x180.png?resize=272%2C180&ssl=1",272,180,true]},"post_excerpt_stackable_v2":"<p>En une d\u00e9cennie seulement, les sacs Freitag sont pass\u00e9s de l\u2019objet-culte au classique incontournable. En 1993, Markus Freitag, n\u00e9 en 1970, et son fr\u00e8re Daniel, son cadet de 15 mois, se lancent dans la conception d\u2019un sac. Ce doit \u00eatre un sac de ville, &#8220;cool&#8221; comme les sacs en bandouli\u00e8re des coursiers \u00e0 v\u00e9lo de New-York, mais \u00e9galement solide et fonctionnel. Les deux fr\u00e8res sont fascin\u00e9s par les mat\u00e9riaux recycl\u00e9s: chambre \u00e0 air de v\u00e9lo, ceinture de s\u00e9curit\u00e9 et b\u00e2che de camion&#8230; Jzukz Autant de mat\u00e9riaux qui donnent naissance au prototype du sac Freitag. Ils r\u00e9alisent et cousent eux-m\u00eames les&hellip;<\/p>\n","category_list_v2":"<a href=\"https:\/\/www.joyana.fr\/en\/category\/deco-design\/\" rel=\"category tag\">DECO-DESIGN<\/a>, <a href=\"https:\/\/www.joyana.fr\/en\/category\/deco-design\/actualite\/mode\/\" rel=\"category tag\">Mode<\/a>","author_info_v2":{"name":"Jo Yana","url":"https:\/\/www.joyana.fr\/en\/author\/joyana\/"},"comments_num_v2":"29 comments","yoast_head":"<!-- This site is optimized with the Yoast SEO plugin v26.8 - https:\/\/yoast.com\/product\/yoast-seo-wordpress\/ -->\n<title>Les sacs Freitag par Daniel &amp; Markus FREITAG - JO YANA<\/title>\n<meta name=\"robots\" content=\"index, follow, max-snippet:-1, max-image-preview:large, max-video-preview:-1\" \/>\n<link rel=\"canonical\" href=\"https:\/\/www.joyana.fr\/en\/les-sacs-freitag-par-daniel-markus-freitag\/100064\/\" \/>\n<meta property=\"og:locale\" content=\"en_US\" \/>\n<meta property=\"og:locale:alternate\" content=\"fr_FR\" \/>\n<meta property=\"og:locale:alternate\" content=\"ja\" \/>\n<meta property=\"og:type\" content=\"article\" \/>\n<meta property=\"og:title\" content=\"Les sacs Freitag par Daniel &amp; Markus FREITAG - JO YANA\" \/>\n<meta property=\"og:description\" content=\"En une d\u00e9cennie seulement, les sacs Freitag sont pass\u00e9s de l\u2019objet-culte au classique incontournable. En 1993, Markus Freitag, n\u00e9 en 1970, et son fr\u00e8re Daniel, son cadet de 15 mois, se lancent dans la conception d\u2019un sac. Ce doit \u00eatre un sac de ville, &#8220;cool&#8221; comme les sacs en bandouli\u00e8re des coursiers \u00e0 v\u00e9lo de [&hellip;]\" \/>\n<meta property=\"og:url\" content=\"https:\/\/www.joyana.fr\/en\/les-sacs-freitag-par-daniel-markus-freitag\/100064\/\" \/>\n<meta property=\"og:site_name\" content=\"JO YANA\" \/>\n<meta property=\"article:published_time\" content=\"2007-12-10T05:44:36+00:00\" \/>\n<meta property=\"og:image\" content=\"https:\/\/www.joyana.fr\/wp-content\/uploads\/2016\/08\/joyana-logo-black-360x180.png\" \/>\n\t<meta property=\"og:image:width\" content=\"360\" \/>\n\t<meta property=\"og:image:height\" content=\"180\" \/>\n\t<meta property=\"og:image:type\" content=\"image\/png\" \/>\n<meta name=\"author\" content=\"Jo Yana\" \/>\n<meta name=\"twitter:card\" content=\"summary_large_image\" \/>\n<meta name=\"twitter:creator\" content=\"@Jo_Yana\" \/>\n<meta name=\"twitter:site\" content=\"@Jo_Yana\" \/>\n<meta name=\"twitter:label1\" content=\"Written by\" \/>\n\t<meta name=\"twitter:data1\" content=\"Jo Yana\" \/>\n\t<meta name=\"twitter:label2\" content=\"Est. reading time\" \/>\n\t<meta name=\"twitter:data2\" content=\"3 minutes\" \/>\n<script type=\"application\/ld+json\" class=\"yoast-schema-graph\">{\"@context\":\"https:\/\/schema.org\",\"@graph\":[{\"@type\":\"Article\",\"@id\":\"https:\/\/www.joyana.fr\/les-sacs-freitag-par-daniel-markus-freitag\/100064\/#article\",\"isPartOf\":{\"@id\":\"https:\/\/www.joyana.fr\/les-sacs-freitag-par-daniel-markus-freitag\/100064\/\"},\"author\":{\"name\":\"Jo Yana\",\"@id\":\"https:\/\/joyana.fr\/#\/schema\/person\/cf2a1ad12a27c12c21801075bf37407c\"},\"headline\":\"Les sacs Freitag par Daniel &amp; Markus FREITAG\",\"datePublished\":\"2007-12-10T05:44:36+00:00\",\"mainEntityOfPage\":{\"@id\":\"https:\/\/www.joyana.fr\/les-sacs-freitag-par-daniel-markus-freitag\/100064\/\"},\"wordCount\":606,\"commentCount\":18,\"publisher\":{\"@id\":\"https:\/\/joyana.fr\/#\/schema\/person\/cf2a1ad12a27c12c21801075bf37407c\"},\"image\":{\"@id\":\"https:\/\/www.joyana.fr\/les-sacs-freitag-par-daniel-markus-freitag\/100064\/#primaryimage\"},\"thumbnailUrl\":\"https:\/\/i0.wp.com\/www.joyana.fr\/wp-content\/uploads\/2016\/08\/joyana-logo-black-360x180.png?fit=360%2C180&ssl=1\",\"keywords\":[\"Artiste\"],\"articleSection\":[\"DECO-DESIGN\",\"Mode\"],\"inLanguage\":\"en-US\",\"potentialAction\":[{\"@type\":\"CommentAction\",\"name\":\"Comment\",\"target\":[\"https:\/\/www.joyana.fr\/les-sacs-freitag-par-daniel-markus-freitag\/100064\/#respond\"]}]},{\"@type\":\"WebPage\",\"@id\":\"https:\/\/www.joyana.fr\/les-sacs-freitag-par-daniel-markus-freitag\/100064\/\",\"url\":\"https:\/\/www.joyana.fr\/les-sacs-freitag-par-daniel-markus-freitag\/100064\/\",\"name\":\"Les sacs Freitag par Daniel &amp; Markus FREITAG - JO YANA\",\"isPartOf\":{\"@id\":\"https:\/\/joyana.fr\/#website\"},\"primaryImageOfPage\":{\"@id\":\"https:\/\/www.joyana.fr\/les-sacs-freitag-par-daniel-markus-freitag\/100064\/#primaryimage\"},\"image\":{\"@id\":\"https:\/\/www.joyana.fr\/les-sacs-freitag-par-daniel-markus-freitag\/100064\/#primaryimage\"},\"thumbnailUrl\":\"https:\/\/i0.wp.com\/www.joyana.fr\/wp-content\/uploads\/2016\/08\/joyana-logo-black-360x180.png?fit=360%2C180&ssl=1\",\"datePublished\":\"2007-12-10T05:44:36+00:00\",\"breadcrumb\":{\"@id\":\"https:\/\/www.joyana.fr\/les-sacs-freitag-par-daniel-markus-freitag\/100064\/#breadcrumb\"},\"inLanguage\":\"en-US\",\"potentialAction\":[{\"@type\":\"ReadAction\",\"target\":[\"https:\/\/www.joyana.fr\/les-sacs-freitag-par-daniel-markus-freitag\/100064\/\"]}]},{\"@type\":\"ImageObject\",\"inLanguage\":\"en-US\",\"@id\":\"https:\/\/www.joyana.fr\/les-sacs-freitag-par-daniel-markus-freitag\/100064\/#primaryimage\",\"url\":\"https:\/\/i0.wp.com\/www.joyana.fr\/wp-content\/uploads\/2016\/08\/joyana-logo-black-360x180.png?fit=360%2C180&ssl=1\",\"contentUrl\":\"https:\/\/i0.wp.com\/www.joyana.fr\/wp-content\/uploads\/2016\/08\/joyana-logo-black-360x180.png?fit=360%2C180&ssl=1\",\"width\":360,\"height\":180,\"caption\":\"logo joyana.fr\"},{\"@type\":\"BreadcrumbList\",\"@id\":\"https:\/\/www.joyana.fr\/les-sacs-freitag-par-daniel-markus-freitag\/100064\/#breadcrumb\",\"itemListElement\":[{\"@type\":\"ListItem\",\"position\":1,\"name\":\"Accueil\",\"item\":\"https:\/\/joyana.fr\/\"},{\"@type\":\"ListItem\",\"position\":2,\"name\":\"Les sacs Freitag par Daniel &amp; Markus FREITAG\"}]},{\"@type\":\"WebSite\",\"@id\":\"https:\/\/joyana.fr\/#website\",\"url\":\"https:\/\/joyana.fr\/\",\"name\":\"JO YANA\",\"description\":\"Blog Mode Homme, Lifestyle, D\u00e9co-Design\",\"publisher\":{\"@id\":\"https:\/\/joyana.fr\/#\/schema\/person\/cf2a1ad12a27c12c21801075bf37407c\"},\"potentialAction\":[{\"@type\":\"SearchAction\",\"target\":{\"@type\":\"EntryPoint\",\"urlTemplate\":\"https:\/\/joyana.fr\/?s={search_term_string}\"},\"query-input\":{\"@type\":\"PropertyValueSpecification\",\"valueRequired\":true,\"valueName\":\"search_term_string\"}}],\"inLanguage\":\"en-US\"},{\"@type\":[\"Person\",\"Organization\"],\"@id\":\"https:\/\/joyana.fr\/#\/schema\/person\/cf2a1ad12a27c12c21801075bf37407c\",\"name\":\"Jo Yana\",\"image\":{\"@type\":\"ImageObject\",\"inLanguage\":\"en-US\",\"@id\":\"https:\/\/joyana.fr\/#\/schema\/person\/image\/\",\"url\":\"https:\/\/i0.wp.com\/www.joyana.fr\/wp-content\/uploads\/2016\/08\/cropped-joyana-logo-black-360x180.png?fit=343%2C164&ssl=1\",\"contentUrl\":\"https:\/\/i0.wp.com\/www.joyana.fr\/wp-content\/uploads\/2016\/08\/cropped-joyana-logo-black-360x180.png?fit=343%2C164&ssl=1\",\"width\":343,\"height\":164,\"caption\":\"Jo Yana\"},\"logo\":{\"@id\":\"https:\/\/joyana.fr\/#\/schema\/person\/image\/\"},\"description\":\"Jo Yana est le cr\u00e9ateur et r\u00e9dacteur en chef des sites DECO-DESIGN. Passionn\u00e9 de Design, Mode, Photo, Luxe, Lifestyle, Musique, mais avant tout Blogueur ! Le plaisir de partager l'anime et a comme devise \\\"POUR L'AMOUR DU BEAU\\\". Retrouvez le aussi sur son blog personnel - https:\/\/joyana.fr...\",\"sameAs\":[\"https:\/\/joyana.fr\/\"],\"url\":\"https:\/\/www.joyana.fr\/en\/author\/joyana\/\"}]}<\/script>\n<!-- \/ Yoast SEO plugin. -->","yoast_head_json":{"title":"Les sacs Freitag par Daniel &amp; Markus FREITAG - JO YANA","robots":{"index":"index","follow":"follow","max-snippet":"max-snippet:-1","max-image-preview":"max-image-preview:large","max-video-preview":"max-video-preview:-1"},"canonical":"https:\/\/www.joyana.fr\/en\/les-sacs-freitag-par-daniel-markus-freitag\/100064\/","og_locale":"en_US","og_type":"article","og_title":"Les sacs Freitag par Daniel &amp; Markus FREITAG - JO YANA","og_description":"En une d\u00e9cennie seulement, les sacs Freitag sont pass\u00e9s de l\u2019objet-culte au classique incontournable. En 1993, Markus Freitag, n\u00e9 en 1970, et son fr\u00e8re Daniel, son cadet de 15 mois, se lancent dans la conception d\u2019un sac. Ce doit \u00eatre un sac de ville, &#8220;cool&#8221; comme les sacs en bandouli\u00e8re des coursiers \u00e0 v\u00e9lo de [&hellip;]","og_url":"https:\/\/www.joyana.fr\/en\/les-sacs-freitag-par-daniel-markus-freitag\/100064\/","og_site_name":"JO YANA","article_published_time":"2007-12-10T05:44:36+00:00","og_image":[{"width":360,"height":180,"url":"https:\/\/www.joyana.fr\/wp-content\/uploads\/2016\/08\/joyana-logo-black-360x180.png","type":"image\/png"}],"author":"Jo Yana","twitter_card":"summary_large_image","twitter_creator":"@Jo_Yana","twitter_site":"@Jo_Yana","twitter_misc":{"Written by":"Jo Yana","Est. reading time":"3 minutes"},"schema":{"@context":"https:\/\/schema.org","@graph":[{"@type":"Article","@id":"https:\/\/www.joyana.fr\/les-sacs-freitag-par-daniel-markus-freitag\/100064\/#article","isPartOf":{"@id":"https:\/\/www.joyana.fr\/les-sacs-freitag-par-daniel-markus-freitag\/100064\/"},"author":{"name":"Jo Yana","@id":"https:\/\/joyana.fr\/#\/schema\/person\/cf2a1ad12a27c12c21801075bf37407c"},"headline":"Les sacs Freitag par Daniel &amp; Markus FREITAG","datePublished":"2007-12-10T05:44:36+00:00","mainEntityOfPage":{"@id":"https:\/\/www.joyana.fr\/les-sacs-freitag-par-daniel-markus-freitag\/100064\/"},"wordCount":606,"commentCount":18,"publisher":{"@id":"https:\/\/joyana.fr\/#\/schema\/person\/cf2a1ad12a27c12c21801075bf37407c"},"image":{"@id":"https:\/\/www.joyana.fr\/les-sacs-freitag-par-daniel-markus-freitag\/100064\/#primaryimage"},"thumbnailUrl":"https:\/\/i0.wp.com\/www.joyana.fr\/wp-content\/uploads\/2016\/08\/joyana-logo-black-360x180.png?fit=360%2C180&ssl=1","keywords":["Artiste"],"articleSection":["DECO-DESIGN","Mode"],"inLanguage":"en-US","potentialAction":[{"@type":"CommentAction","name":"Comment","target":["https:\/\/www.joyana.fr\/les-sacs-freitag-par-daniel-markus-freitag\/100064\/#respond"]}]},{"@type":"WebPage","@id":"https:\/\/www.joyana.fr\/les-sacs-freitag-par-daniel-markus-freitag\/100064\/","url":"https:\/\/www.joyana.fr\/les-sacs-freitag-par-daniel-markus-freitag\/100064\/","name":"Les sacs Freitag par Daniel &amp; Markus FREITAG - JO YANA","isPartOf":{"@id":"https:\/\/joyana.fr\/#website"},"primaryImageOfPage":{"@id":"https:\/\/www.joyana.fr\/les-sacs-freitag-par-daniel-markus-freitag\/100064\/#primaryimage"},"image":{"@id":"https:\/\/www.joyana.fr\/les-sacs-freitag-par-daniel-markus-freitag\/100064\/#primaryimage"},"thumbnailUrl":"https:\/\/i0.wp.com\/www.joyana.fr\/wp-content\/uploads\/2016\/08\/joyana-logo-black-360x180.png?fit=360%2C180&ssl=1","datePublished":"2007-12-10T05:44:36+00:00","breadcrumb":{"@id":"https:\/\/www.joyana.fr\/les-sacs-freitag-par-daniel-markus-freitag\/100064\/#breadcrumb"},"inLanguage":"en-US","potentialAction":[{"@type":"ReadAction","target":["https:\/\/www.joyana.fr\/les-sacs-freitag-par-daniel-markus-freitag\/100064\/"]}]},{"@type":"ImageObject","inLanguage":"en-US","@id":"https:\/\/www.joyana.fr\/les-sacs-freitag-par-daniel-markus-freitag\/100064\/#primaryimage","url":"https:\/\/i0.wp.com\/www.joyana.fr\/wp-content\/uploads\/2016\/08\/joyana-logo-black-360x180.png?fit=360%2C180&ssl=1","contentUrl":"https:\/\/i0.wp.com\/www.joyana.fr\/wp-content\/uploads\/2016\/08\/joyana-logo-black-360x180.png?fit=360%2C180&ssl=1","width":360,"height":180,"caption":"logo joyana.fr"},{"@type":"BreadcrumbList","@id":"https:\/\/www.joyana.fr\/les-sacs-freitag-par-daniel-markus-freitag\/100064\/#breadcrumb","itemListElement":[{"@type":"ListItem","position":1,"name":"Accueil","item":"https:\/\/joyana.fr\/"},{"@type":"ListItem","position":2,"name":"Les sacs Freitag par Daniel &amp; Markus FREITAG"}]},{"@type":"WebSite","@id":"https:\/\/joyana.fr\/#website","url":"https:\/\/joyana.fr\/","name":"JO YANA","description":"Blog Mode Homme, Lifestyle, D\u00e9co-Design","publisher":{"@id":"https:\/\/joyana.fr\/#\/schema\/person\/cf2a1ad12a27c12c21801075bf37407c"},"potentialAction":[{"@type":"SearchAction","target":{"@type":"EntryPoint","urlTemplate":"https:\/\/joyana.fr\/?s={search_term_string}"},"query-input":{"@type":"PropertyValueSpecification","valueRequired":true,"valueName":"search_term_string"}}],"inLanguage":"en-US"},{"@type":["Person","Organization"],"@id":"https:\/\/joyana.fr\/#\/schema\/person\/cf2a1ad12a27c12c21801075bf37407c","name":"Jo Yana","image":{"@type":"ImageObject","inLanguage":"en-US","@id":"https:\/\/joyana.fr\/#\/schema\/person\/image\/","url":"https:\/\/i0.wp.com\/www.joyana.fr\/wp-content\/uploads\/2016\/08\/cropped-joyana-logo-black-360x180.png?fit=343%2C164&ssl=1","contentUrl":"https:\/\/i0.wp.com\/www.joyana.fr\/wp-content\/uploads\/2016\/08\/cropped-joyana-logo-black-360x180.png?fit=343%2C164&ssl=1","width":343,"height":164,"caption":"Jo Yana"},"logo":{"@id":"https:\/\/joyana.fr\/#\/schema\/person\/image\/"},"description":"Jo Yana est le cr\u00e9ateur et r\u00e9dacteur en chef des sites DECO-DESIGN. Passionn\u00e9 de Design, Mode, Photo, Luxe, Lifestyle, Musique, mais avant tout Blogueur ! Le plaisir de partager l'anime et a comme devise \"POUR L'AMOUR DU BEAU\". Retrouvez le aussi sur son blog personnel - https:\/\/joyana.fr...","sameAs":["https:\/\/joyana.fr\/"],"url":"https:\/\/www.joyana.fr\/en\/author\/joyana\/"}]}},"author_meta":{"display_name":"Jo Yana","author_link":"https:\/\/www.joyana.fr\/en\/author\/joyana\/"},"featured_img":"https:\/\/i0.wp.com\/www.joyana.fr\/wp-content\/uploads\/2016\/08\/joyana-logo-black-360x180.png?fit=360%2C180&ssl=1","featured_image_src":"https:\/\/i0.wp.com\/www.joyana.fr\/wp-content\/uploads\/2016\/08\/joyana-logo-black-360x180.png?resize=360%2C180&ssl=1","featured_image_src_square":"https:\/\/i0.wp.com\/www.joyana.fr\/wp-content\/uploads\/2016\/08\/joyana-logo-black-360x180.png?resize=360%2C180&ssl=1","jetpack_featured_media_url":"https:\/\/i0.wp.com\/www.joyana.fr\/wp-content\/uploads\/2016\/08\/joyana-logo-black-360x180.png?fit=360%2C180&ssl=1","uagb_featured_image_src":{"full":["https:\/\/i0.wp.com\/www.joyana.fr\/wp-content\/uploads\/2016\/08\/joyana-logo-black-360x180.png?fit=360%2C180&ssl=1",360,180,false],"thumbnail":["https:\/\/i0.wp.com\/www.joyana.fr\/wp-content\/uploads\/2016\/08\/joyana-logo-black-360x180.png?resize=150%2C150&ssl=1",150,150,true],"medium":["https:\/\/i0.wp.com\/www.joyana.fr\/wp-content\/uploads\/2016\/08\/joyana-logo-black-360x180.png?fit=360%2C180&ssl=1",360,180,true],"medium_large":["https:\/\/i0.wp.com\/www.joyana.fr\/wp-content\/uploads\/2016\/08\/joyana-logo-black-360x180.png?fit=360%2C180&ssl=1",360,180,true],"large":["https:\/\/i0.wp.com\/www.joyana.fr\/wp-content\/uploads\/2016\/08\/joyana-logo-black-360x180.png?fit=360%2C180&ssl=1",360,180,true],"1536x1536":["https:\/\/i0.wp.com\/www.joyana.fr\/wp-content\/uploads\/2016\/08\/joyana-logo-black-360x180.png?fit=360%2C180&ssl=1",360,180,true],"2048x2048":["https:\/\/i0.wp.com\/www.joyana.fr\/wp-content\/uploads\/2016\/08\/joyana-logo-black-360x180.png?fit=360%2C180&ssl=1",360,180,true],"featured-thumb":["https:\/\/i0.wp.com\/www.joyana.fr\/wp-content\/uploads\/2016\/08\/joyana-logo-black-360x180.png?resize=360%2C180&ssl=1",360,180,true],"ab-block-post-grid-landscape":["https:\/\/i0.wp.com\/www.joyana.fr\/wp-content\/uploads\/2016\/08\/joyana-logo-black-360x180.png?resize=360%2C180&ssl=1",360,180,true],"ab-block-post-grid-square":["https:\/\/i0.wp.com\/www.joyana.fr\/wp-content\/uploads\/2016\/08\/joyana-logo-black-360x180.png?resize=360%2C180&ssl=1",360,180,true],"author-pro-image":["https:\/\/i0.wp.com\/www.joyana.fr\/wp-content\/uploads\/2016\/08\/joyana-logo-black-360x180.png?resize=360%2C180&ssl=1",360,180,true],"slider":["https:\/\/i0.wp.com\/www.joyana.fr\/wp-content\/uploads\/2016\/08\/joyana-logo-black-360x180.png?resize=360%2C180&ssl=1",360,180,true],"woocommerce_thumbnail":["https:\/\/i0.wp.com\/www.joyana.fr\/wp-content\/uploads\/2016\/08\/joyana-logo-black-360x180.png?resize=300%2C180&ssl=1",300,180,true],"woocommerce_single":["https:\/\/i0.wp.com\/www.joyana.fr\/wp-content\/uploads\/2016\/08\/joyana-logo-black-360x180.png?fit=360%2C180&ssl=1",360,180,true],"woocommerce_gallery_thumbnail":["https:\/\/i0.wp.com\/www.joyana.fr\/wp-content\/uploads\/2016\/08\/joyana-logo-black-360x180.png?resize=180%2C180&ssl=1",180,180,true],"sow-carousel-default":["https:\/\/i0.wp.com\/www.joyana.fr\/wp-content\/uploads\/2016\/08\/joyana-logo-black-360x180.png?resize=272%2C180&ssl=1",272,180,true]},"uagb_author_info":{"display_name":"Jo Yana","author_link":"https:\/\/www.joyana.fr\/en\/author\/joyana\/"},"uagb_comment_info":30,"uagb_excerpt":"En une d\u00e9cennie seulement, les sacs Freitag sont pass\u00e9s de l\u2019objet-culte au classique incontournable. En 1993, Markus Freitag, n\u00e9 en 1970, et son fr\u00e8re Daniel, son cadet de 15 mois, se lancent dans la conception d\u2019un sac. Ce doit \u00eatre un sac de ville, &#8220;cool&#8221; comme les sacs en bandouli\u00e8re des coursiers \u00e0 v\u00e9lo de&hellip;","coauthors":[],"tax_additional":{"categories":{"linked":["<a href=\"https:\/\/www.joyana.fr\/en\/category\/deco-design\/\" class=\"advgb-post-tax-term\">DECO-DESIGN<\/a>","<a href=\"https:\/\/www.joyana.fr\/en\/category\/deco-design\/actualite\/mode\/\" class=\"advgb-post-tax-term\">Mode<\/a>"],"unlinked":["<span class=\"advgb-post-tax-term\">DECO-DESIGN<\/span>","<span class=\"advgb-post-tax-term\">Mode<\/span>"]},"tags":{"linked":["<a href=\"https:\/\/www.joyana.fr\/en\/category\/deco-design\/actualite\/mode\/\" class=\"advgb-post-tax-term\">Artiste<\/a>"],"unlinked":["<span class=\"advgb-post-tax-term\">Artiste<\/span>"]}},"comment_count":29,"relative_dates":{"created":"Posted 18 years ago","modified":"Updated 18 years ago"},"absolute_dates":{"created":"Posted on 10 December 2007","modified":"Updated on 10 December 2007"},"absolute_dates_time":{"created":"Posted on 10 December 2007 6:44","modified":"Updated on 10 December 2007 6:44"},"featured_img_caption":"","series_order":"","jetpack_sharing_enabled":true,"jetpack_shortlink":"https:\/\/wp.me\/p9bteI-q1W","jetpack-related-posts":[],"_links":{"self":[{"href":"https:\/\/www.joyana.fr\/en\/wp-json\/wp\/v2\/posts\/100064","targetHints":{"allow":["GET"]}}],"collection":[{"href":"https:\/\/www.joyana.fr\/en\/wp-json\/wp\/v2\/posts"}],"about":[{"href":"https:\/\/www.joyana.fr\/en\/wp-json\/wp\/v2\/types\/post"}],"author":[{"embeddable":true,"href":"https:\/\/www.joyana.fr\/en\/wp-json\/wp\/v2\/users\/3"}],"replies":[{"embeddable":true,"href":"https:\/\/www.joyana.fr\/en\/wp-json\/wp\/v2\/comments?post=100064"}],"version-history":[{"count":0,"href":"https:\/\/www.joyana.fr\/en\/wp-json\/wp\/v2\/posts\/100064\/revisions"}],"wp:featuredmedia":[{"embeddable":true,"href":"https:\/\/www.joyana.fr\/en\/wp-json\/wp\/v2\/media\/124300"}],"wp:attachment":[{"href":"https:\/\/www.joyana.fr\/en\/wp-json\/wp\/v2\/media?parent=100064"}],"wp:term":[{"taxonomy":"category","embeddable":true,"href":"https:\/\/www.joyana.fr\/en\/wp-json\/wp\/v2\/categories?post=100064"},{"taxonomy":"post_tag","embeddable":true,"href":"https:\/\/www.joyana.fr\/en\/wp-json\/wp\/v2\/tags?post=100064"}],"curies":[{"name":"wp","href":"https:\/\/api.w.org\/{rel}","templated":true}]}}